{"id":998,"date":"2023-11-22T16:57:13","date_gmt":"2023-11-22T15:57:13","guid":{"rendered":"https:\/\/labonnenouvelle-valdeleure.fr\/index.php\/2023\/11\/22\/conseil-economique-paroissial-2\/"},"modified":"2025-11-07T15:48:22","modified_gmt":"2025-11-07T14:48:22","slug":"conseil-economique-paroissial-2","status":"publish","type":"post","link":"https:\/\/labonnenouvelle-valdeleure.fr\/index.php\/2023\/11\/22\/conseil-economique-paroissial-2\/","title":{"rendered":"CONSEIL ECONOMIQUE PAROISSIAL"},"content":{"rendered":"<div class=\"wp-block-image\">\n<figure class=\"aligncenter size-thumbnail\"><img loading=\"lazy\" decoding=\"async\" width=\"150\" height=\"150\" src=\"https:\/\/labonnenouvelle-valdeleure.fr\/wp-content\/uploads\/2023\/10\/ConseilEcoSocial-150x150.png\" alt=\"\" class=\"wp-image-155\"\/><\/figure><\/div>\n\n\n<p class=\"has-text-align-center\"><strong>P\u00e8re Maurice MANWELL &#8211; Pr\u00e9sident<\/strong><\/p>\n\n\n\n<figure class=\"wp-block-table\"><table class=\"has-fixed-layout\"><tbody><tr><td><strong>Jean-Michel BOITARD &#8211; Tr\u00e9sorier<\/strong><br><br><a href=\"mailto:jm.boitard@wanadoo.fr\">jm.boitard@wanadoo.fr<\/a><\/td><td><strong>Elisabeth LECUYER<\/strong> &#8211; (Invit\u00e9e)<br><br><a href=\"mailto:la.sabliere@wanadoo.fr\">la.sabliere@wanadoo.fr<\/a><\/td><\/tr><tr><td><strong>Guy BINET<\/strong><br><br><a href=\"mailto:binet.guy@neuf.fr\">binet.guy@neuf.fr<\/a><\/td><td><strong>Mich\u00e8le BRULE<\/strong><br><br><a href=\"mailto:michele.brule.debono@gmail.com\">michele.brule.debono@gmail.com<\/a><\/td><\/tr><tr><td><strong>Robert COOLEN<\/strong><br><br>rcoolen28@gmail.com<\/td><td><strong>Pierre JAUNEAU<\/strong><br><br><a href=\"mailto:pgjauneau001@cegetel.rss.fr\">pgjauneau001@cegetel.rss.fr<\/a><\/td><\/tr><tr><td><strong>Erik LAMBERT<\/strong><br><br><a href=\"mailto:erikisabelleandco@wanadoo.fr\">erikisabelleandco@wanadoo.fr<\/a><\/td><td><strong>Bernadette de REYNAL<\/strong><br><br><a href=\"mailto:bernadettedereynal@hotmail.fr\">bernadettedereynal@hotmail.fr<\/a><\/td><\/tr><tr><td><strong>Jean-Yves RICHARD<\/strong><br><br><a href=\"mailto:richard-jy@wanadoo.fr\">richard-jy@wanadoo.fr<\/a><\/td><td><\/td><\/tr><\/tbody><\/table><\/figure>\n","protected":false},"excerpt":{"rendered":"<p>P\u00e8re Maurice MANWELL &#8211; Pr\u00e9sident Jean-Michel BOITARD &#8211; Tr\u00e9sorier jm.boitard@wanadoo.fr Elisabeth LECUYER &#8211; (Invit\u00e9e) la.sabliere@wanadoo.fr Guy BINET binet.guy@neuf.fr Mich\u00e8le BRULE michele.brule.debono@gmail.com Robert COOLEN rcoolen28@gmail.com Pierre JAUNEAU pgjauneau001@cegetel.rss.fr Erik LAMBERT erikisabelleandco@wanadoo.fr&hellip; <br \/> <a class=\"read-more\" href=\"https:\/\/labonnenouvelle-valdeleure.fr\/index.php\/2023\/11\/22\/conseil-economique-paroissial-2\/\">Lire la suite<\/a><\/p>\n","protected":false},"author":1,"featured_media":0,"comment_status":"closed","ping_status":"closed","sticky":false,"template":"","format":"standard","meta":{"_monsterinsights_skip_tracking":false,"_monsterinsights_sitenote_active":false,"_monsterinsights_sitenote_note":"","_monsterinsights_sitenote_category":0,"_price":"","_stock":"","_tribe_ticket_header":"","_tribe_default_ticket_provider":"","_ticket_start_date":"","_ticket_end_date":"","_tribe_ticket_show_description":"","_tribe_ticket_show_not_going":false,"_tribe_ticket_use_global_stock":"","_tribe_ticket_global_stock_level":"","_global_stock_mode":"","_global_stock_cap":"","_tribe_rsvp_for_event":"","_tribe_ticket_going_count":"","_tribe_ticket_not_going_count":"","_tribe_tickets_list":"[]","_tribe_ticket_has_attendee_info_fields":false,"_EventAllDay":false,"_EventTimezone":"","_EventStartDate":"","_EventEndDate":"","_EventStartDateUTC":"","_EventEndDateUTC":"","_EventShowMap":false,"_EventShowMapLink":false,"_EventURL":"","_EventCost":"","_EventCostDescription":"","_EventCurrencySymbol":"","_EventCurrencyCode":"","_EventCurrencyPosition":"","_EventDateTimeSeparator":"","_EventTimeRangeSeparator":"","_EventOrganizerID":[],"_EventVenueID":[],"_OrganizerEmail":"","_OrganizerPhone":"","_OrganizerWebsite":"","_VenueAddress":"","_VenueCity":"","_VenueCountry":"","_VenueProvince":"","_VenueState":"","_VenueZip":"","_VenuePhone":"","_VenueURL":"","_VenueStateProvince":"","_VenueLat":"","_VenueLng":"","_VenueShowMap":false,"_VenueShowMapLink":false,"footnotes":""},"categories":[14],"tags":[],"class_list":["post-998","post","type-post","status-publish","format-standard","hentry","category-annuaire"],"aioseo_notices":[],"_links":{"self":[{"href":"https:\/\/labonnenouvelle-valdeleure.fr\/index.php\/wp-json\/wp\/v2\/posts\/998","targetHints":{"allow":["GET"]}}],"collection":[{"href":"https:\/\/labonnenouvelle-valdeleure.fr\/index.php\/wp-json\/wp\/v2\/posts"}],"about":[{"href":"https:\/\/labonnenouvelle-valdeleure.fr\/index.php\/wp-json\/wp\/v2\/types\/post"}],"author":[{"embeddable":true,"href":"https:\/\/labonnenouvelle-valdeleure.fr\/index.php\/wp-json\/wp\/v2\/users\/1"}],"replies":[{"embeddable":true,"href":"https:\/\/labonnenouvelle-valdeleure.fr\/index.php\/wp-json\/wp\/v2\/comments?post=998"}],"version-history":[{"count":2,"href":"https:\/\/labonnenouvelle-valdeleure.fr\/index.php\/wp-json\/wp\/v2\/posts\/998\/revisions"}],"predecessor-version":[{"id":1003,"href":"https:\/\/labonnenouvelle-valdeleure.fr\/index.php\/wp-json\/wp\/v2\/posts\/998\/revisions\/1003"}],"wp:attachment":[{"href":"https:\/\/labonnenouvelle-valdeleure.fr\/index.php\/wp-json\/wp\/v2\/media?parent=998"}],"wp:term":[{"taxonomy":"category","embeddable":true,"href":"https:\/\/labonnenouvelle-valdeleure.fr\/index.php\/wp-json\/wp\/v2\/categories?post=998"},{"taxonomy":"post_tag","embeddable":true,"href":"https:\/\/labonnenouvelle-valdeleure.fr\/index.php\/wp-json\/wp\/v2\/tags?post=998"}],"curies":[{"name":"wp","href":"https:\/\/api.w.org\/{rel}","templated":true}]}}