{"id":996,"date":"2023-11-22T17:21:56","date_gmt":"2023-11-22T16:21:56","guid":{"rendered":"https:\/\/labonnenouvelle-valdeleure.fr\/index.php\/2023\/11\/22\/service-deglise-2\/"},"modified":"2025-11-07T15:59:43","modified_gmt":"2025-11-07T14:59:43","slug":"service-deglise-2","status":"publish","type":"post","link":"https:\/\/labonnenouvelle-valdeleure.fr\/index.php\/2023\/11\/22\/service-deglise-2\/","title":{"rendered":"SERVICE D\u2019EGLISE"},"content":{"rendered":"\n<p class=\"has-text-align-center\"><strong><mark style=\"background-color:rgba(0, 0, 0, 0)\" class=\"has-inline-color has-vivid-green-cyan-color\">Accueil paroissial<\/mark><\/strong><\/p>\n\n\n\n<figure class=\"wp-block-table\"><table class=\"has-fixed-layout\"><tbody><tr><td class=\"has-text-align-center\" data-align=\"center\">Lundi de 14h30 \u00e0 17h30<br>Mercredi de 10h \u00e0 12h<br>Jeudi de 10h \u00e0 12h<br>Vendredi de 9h00 \u00e0 12h<br>&nbsp;<br>02.37.23.21.27<br><a href=\"mailto:bonnenouvelle@diocesechartres.fr\">bonnenouvelle@diocesechartres.fr<\/a><br>2 rue St Nicolas &#8211; 28190 Courville sur Eure<\/td><\/tr><\/tbody><\/table><\/figure>\n\n\n\n<p class=\"has-text-align-center\"><strong><mark style=\"background-color:rgba(0, 0, 0, 0)\" class=\"has-inline-color has-vivid-green-cyan-color\">Secr\u00e9tariat paroissial<\/mark><\/strong><\/p>\n\n\n\n<p class=\"has-text-align-center\"><strong><mark style=\"background-color:rgba(0, 0, 0, 0)\" class=\"has-inline-color has-vivid-green-cyan-color\">Service des cierges<\/mark><\/strong><\/p>\n\n\n\n<figure class=\"wp-block-table\"><table class=\"has-fixed-layout\"><tbody><tr><td><strong>Elisabeth LECUYER<\/strong><br><br><a href=\"mailto:la.sabliere@wanadoo.fr\">la.sabliere@wanadoo.fr<\/a><\/td><td>Sacristain<br><strong>Christian RAPIN &#8211; (cl\u00e9s de l\u2019\u00e9glise de Courville)<\/strong><br><br>06.52.41.97.78<br>rapinchristian@yahoo.fr<\/td><\/tr><\/tbody><\/table><\/figure>\n\n\n\n<p class=\"has-text-align-center\"><strong><mark style=\"background-color:rgba(0, 0, 0, 0)\" class=\"has-inline-color has-vivid-green-cyan-color\">Tenue des registres paroissiaux<\/mark><\/strong><\/p>\n\n\n<div class=\"wp-block-image\">\n<figure class=\"aligncenter size-thumbnail\"><img loading=\"lazy\" decoding=\"async\" width=\"150\" height=\"150\" src=\"https:\/\/labonnenouvelle-valdeleure.fr\/wp-content\/uploads\/2023\/10\/Registres-150x150.png\" alt=\"\" class=\"wp-image-152\"\/><\/figure><\/div>\n\n\n<div class=\"wp-block-group\"><div class=\"wp-block-group__inner-container is-layout-constrained wp-block-group-is-layout-constrained\">\n<p class=\"has-text-align-center\"><strong>Villages de&nbsp;: Bailleau l\u2019Ev\u00eaque, Billancelles, Chuisnes, Courville, Dangers, Fontaine la Guyon, Friaize, Frunc\u00e9, Landelles, Le Favril,<\/strong> <strong>Le Thieulin, Mittainvilliers\/V\u00e9rigny<\/strong>, <strong>Pontgouin, Saint Arnoult des Bois<\/strong>,<\/p>\n\n\n\n<p class=\"has-text-align-center\"><strong>Saint Aubin des Bois, Saint Denis des Puits, Saint Germain le Gaillard, Villebon<\/strong><\/p>\n<\/div><\/div>\n\n\n\n<figure class=\"wp-block-table\"><table><tbody><tr><td><strong>Maryvonne BUHOT<\/strong>, notaire paroissiale<br><br><a href=\"mailto:jean-paul.buhot@wanadoo.fr\">jean-paul.buhot@wanadoo.fr<\/a><\/td><\/tr><\/tbody><\/table><\/figure>\n\n\n\n<div class=\"wp-block-group\"><div class=\"wp-block-group__inner-container is-layout-constrained wp-block-group-is-layout-constrained\">\n<p class=\"has-text-align-center\"><strong>Villages de&nbsp;: Chauffours, Fontenay sur Eure, Nogent sur Eure, Orrouer,<\/strong> <strong>Saint Georges sur Eure,<\/strong><\/p>\n\n\n\n<p class=\"has-text-align-center\"><strong> Saint Luperce<\/strong><\/p>\n<\/div><\/div>\n\n\n\n<figure class=\"wp-block-table\"><table><tbody><tr><td><strong>Liliane PICHOT<\/strong><br><br>02 37 26 75 68<br>l<a href=\"mailto:r.pichot@orange.fr\">r.pichot@orange.fr<\/a><\/td><\/tr><\/tbody><\/table><\/figure>\n\n\n\n<p class=\"has-text-align-center\"><strong><mark style=\"background-color:rgba(0, 0, 0, 0)\" class=\"has-inline-color has-vivid-green-cyan-color\">Service des vocations<\/mark><\/strong><\/p>\n\n\n<div class=\"wp-block-image\">\n<figure class=\"aligncenter size-thumbnail\"><img loading=\"lazy\" decoding=\"async\" width=\"150\" height=\"150\" src=\"https:\/\/labonnenouvelle-valdeleure.fr\/wp-content\/uploads\/2023\/10\/Vocation-150x150.png\" alt=\"\" class=\"wp-image-151\"\/><\/figure><\/div>\n\n\n<figure class=\"wp-block-table\"><table><tbody><tr><td><strong>P\u00e8re Maurice MANWELL<\/strong><br>Maison Paroissiale<br>2, rue Saint-Nicolas<br>28190 Courville sur Eure<br>02.37.23.21.27<br>manmaut@yahoo.co.uk<\/td><\/tr><\/tbody><\/table><\/figure>\n\n\n\n<p class=\"has-text-align-center\"><strong><mark style=\"background-color:rgba(0, 0, 0, 0)\" class=\"has-inline-color has-vivid-green-cyan-color\">Secours catholique<\/mark><\/strong><\/p>\n\n\n<div class=\"wp-block-image\">\n<figure class=\"aligncenter size-full\"><img loading=\"lazy\" decoding=\"async\" width=\"128\" height=\"136\" src=\"http:\/\/labonnenouvelle-valdeleure.fr\/wp-content\/uploads\/2023\/10\/SecoursCatho.png\" alt=\"\" class=\"wp-image-150\"\/><\/figure><\/div>\n\n\n<figure class=\"wp-block-table\"><table class=\"has-fixed-layout\"><tbody><tr><td><strong>Suzanne MINARD<\/strong><br>Avenue Jehan de Beauce<br>28000 Chartres<br>06.87.61.84.62<br><a href=\"mailto:suzanneminard@orange.fr\">suzanneminard@orange.fr<\/a><\/td><td><\/td><\/tr><tr><td><strong>Martine BOUCHER<\/strong><br>8 chemin de la garenne<br>28190 Saint Georges sur Eure<br>07.77.06.45.17<br>mjc.boucher@orange.fr<\/td><td><\/td><\/tr><\/tbody><\/table><\/figure>\n\n\n\n<figure class=\"wp-block-table\"><table><tbody><tr><td class=\"has-text-align-center\" data-align=\"center\"><strong>PERMANENCES<\/strong><br>Le <strong>mardi<\/strong> de 14h30 \u00e0 17h00 (groupe convivial)<br>1<sup>er<\/sup> et 3<sup>\u00e8me<\/sup> <strong>jeudi<\/strong> du mois de&nbsp;10h \u00e0 11h30 (permanences)<br>Maison des associations &#8211; 4 rue Jules Ferry<\/td><\/tr><\/tbody><\/table><\/figure>\n\n\n\n<p class=\"has-text-align-center\"><strong><mark style=\"background-color:rgba(0, 0, 0, 0)\" class=\"has-inline-color has-vivid-green-cyan-color\">Equipe du Rosaire<\/mark><\/strong><\/p>\n\n\n<div class=\"wp-block-image\">\n<figure class=\"aligncenter size-full\"><img loading=\"lazy\" decoding=\"async\" width=\"149\" height=\"298\" src=\"https:\/\/labonnenouvelle-valdeleure.fr\/wp-content\/uploads\/2023\/10\/Rosaire.png\" alt=\"\" class=\"wp-image-149\"\/><\/figure><\/div>\n\n\n<figure class=\"wp-block-table\"><table class=\"has-fixed-layout\"><tbody><tr><td><strong>S\u00e9bastien HABERT &#8211; Responsable dioc\u00e9sain<\/strong><br><br>06.50.82.94.53<br>cbastienhabert@yahoo.com<\/td><td><strong>Marie-H\u00e9l\u00e8ne de OLIVEIRA &#8211; Responsable d\u2019\u00e9quipe<\/strong><br><br>02.37.22.90.28<br>mhdeol@laposte.net<br><\/td><\/tr><\/tbody><\/table><\/figure>\n","protected":false},"excerpt":{"rendered":"<p>Accueil paroissial Lundi de 14h30 \u00e0 17h30Mercredi de 10h \u00e0 12hJeudi de 10h \u00e0 12hVendredi de 9h00 \u00e0 12h&nbsp;02.37.23.21.27bonnenouvelle@diocesechartres.fr2 rue St Nicolas &#8211; 28190 Courville sur Eure Secr\u00e9tariat paroissial Service&hellip; <br \/> <a class=\"read-more\" href=\"https:\/\/labonnenouvelle-valdeleure.fr\/index.php\/2023\/11\/22\/service-deglise-2\/\">Lire la suite<\/a><\/p>\n","protected":false},"author":1,"featured_media":0,"comment_status":"closed","ping_status":"closed","sticky":false,"template":"","format":"standard","meta":{"_monsterinsights_skip_tracking":false,"_monsterinsights_sitenote_active":false,"_monsterinsights_sitenote_note":"","_monsterinsights_sitenote_category":0,"_price":"","_stock":"","_tribe_ticket_header":"","_tribe_default_ticket_provider":"","_ticket_start_date":"","_ticket_end_date":"","_tribe_ticket_show_description":"","_tribe_ticket_show_not_going":false,"_tribe_ticket_use_global_stock":"","_tribe_ticket_global_stock_level":"","_global_stock_mode":"","_global_stock_cap":"","_tribe_rsvp_for_event":"","_tribe_ticket_going_count":"","_tribe_ticket_not_going_count":"","_tribe_tickets_list":"[]","_tribe_ticket_has_attendee_info_fields":false,"_EventAllDay":false,"_EventTimezone":"","_EventStartDate":"","_EventEndDate":"","_EventStartDateUTC":"","_EventEndDateUTC":"","_EventShowMap":false,"_EventShowMapLink":false,"_EventURL":"","_EventCost":"","_EventCostDescription":"","_EventCurrencySymbol":"","_EventCurrencyCode":"","_EventCurrencyPosition":"","_EventDateTimeSeparator":"","_EventTimeRangeSeparator":"","_EventOrganizerID":[],"_EventVenueID":[],"_OrganizerEmail":"","_OrganizerPhone":"","_OrganizerWebsite":"","_VenueAddress":"","_VenueCity":"","_VenueCountry":"","_VenueProvince":"","_VenueState":"","_VenueZip":"","_VenuePhone":"","_VenueURL":"","_VenueStateProvince":"","_VenueLat":"","_VenueLng":"","_VenueShowMap":false,"_VenueShowMapLink":false,"footnotes":""},"categories":[14],"tags":[],"class_list":["post-996","post","type-post","status-publish","format-standard","hentry","category-annuaire"],"aioseo_notices":[],"_links":{"self":[{"href":"https:\/\/labonnenouvelle-valdeleure.fr\/index.php\/wp-json\/wp\/v2\/posts\/996","targetHints":{"allow":["GET"]}}],"collection":[{"href":"https:\/\/labonnenouvelle-valdeleure.fr\/index.php\/wp-json\/wp\/v2\/posts"}],"about":[{"href":"https:\/\/labonnenouvelle-valdeleure.fr\/index.php\/wp-json\/wp\/v2\/types\/post"}],"author":[{"embeddable":true,"href":"https:\/\/labonnenouvelle-valdeleure.fr\/index.php\/wp-json\/wp\/v2\/users\/1"}],"replies":[{"embeddable":true,"href":"https:\/\/labonnenouvelle-valdeleure.fr\/index.php\/wp-json\/wp\/v2\/comments?post=996"}],"version-history":[{"count":1,"href":"https:\/\/labonnenouvelle-valdeleure.fr\/index.php\/wp-json\/wp\/v2\/posts\/996\/revisions"}],"predecessor-version":[{"id":1010,"href":"https:\/\/labonnenouvelle-valdeleure.fr\/index.php\/wp-json\/wp\/v2\/posts\/996\/revisions\/1010"}],"wp:attachment":[{"href":"https:\/\/labonnenouvelle-valdeleure.fr\/index.php\/wp-json\/wp\/v2\/media?parent=996"}],"wp:term":[{"taxonomy":"category","embeddable":true,"href":"https:\/\/labonnenouvelle-valdeleure.fr\/index.php\/wp-json\/wp\/v2\/categories?post=996"},{"taxonomy":"post_tag","embeddable":true,"href":"https:\/\/labonnenouvelle-valdeleure.fr\/index.php\/wp-json\/wp\/v2\/tags?post=996"}],"curies":[{"name":"wp","href":"https:\/\/api.w.org\/{rel}","templated":true}]}}