{"id":737,"date":"2023-11-22T12:25:21","date_gmt":"2023-11-22T11:25:21","guid":{"rendered":"https:\/\/labonnenouvelle-valdeleure.fr\/?p=737"},"modified":"2025-11-07T16:10:09","modified_gmt":"2025-11-07T15:10:09","slug":"pastorale-du-deuil","status":"publish","type":"post","link":"https:\/\/labonnenouvelle-valdeleure.fr\/index.php\/2023\/11\/22\/pastorale-du-deuil\/","title":{"rendered":"PASTORALE\u00a0 DU DEUIL"},"content":{"rendered":"<div class=\"wp-block-image\">\n<figure class=\"aligncenter size-thumbnail\"><img loading=\"lazy\" decoding=\"async\" width=\"150\" height=\"150\" src=\"https:\/\/labonnenouvelle-valdeleure.fr\/wp-content\/uploads\/2023\/10\/Deuil-150x150.png\" alt=\"\" class=\"wp-image-157\"\/><\/figure><\/div>\n\n\n<p><\/p>\n\n\n\n<p class=\"has-text-align-center\"><strong>P\u00e8re Maurice MANWELL<\/strong><\/p>\n\n\n\n<figure class=\"wp-block-table\"><table class=\"has-fixed-layout\"><tbody><tr><td><strong>Guy MAURENARD &#8211; Diacre<\/strong><br><br>02.37.32.91.49\u00a0 \/\u00a0 06.13.03.30.67<br>guy.maurenard@wanadoo.fr<\/td><td><strong>Victor DE OLIVEIRA &#8211; Diacre<\/strong><br><br>02.37.22.90.28\u00a0 \/\u00a0 06.01.03.19.51<br>videol@aol.com<\/td><\/tr><\/tbody><\/table><\/figure>\n\n\n\n<p class=\"has-text-align-center\"><strong>Accueil t\u00e9l\u00e9phonique<\/strong> : <strong>06.21.96.88.06<\/strong><\/p>\n\n\n\n<figure class=\"wp-block-table\"><table class=\"has-fixed-layout\"><tbody><tr><td><strong>Fran\u00e7oise LEGUE<\/strong><br><br>francoise.legue@orange.fr<\/td><td><strong>Laurence ASSELIN<\/strong><br><br>lasselin28@gmail.com<\/td><\/tr><tr><td><strong>Nathalie SAUSSEREAU<\/strong><br><br>saussereau.nathalie@gmail.com<\/td><td><\/td><\/tr><\/tbody><\/table><\/figure>\n\n\n\n<p class=\"has-text-align-center\"><strong>Aide aux familles en deuil<\/strong><\/p>\n\n\n\n<figure class=\"wp-block-table\"><table class=\"has-fixed-layout\"><tbody><tr><td><strong>Elisabeth LECUYER<\/strong><br><br><a href=\"mailto:la.sabliere@wanadoo.fr\">la.sabliere@wanadoo.fr<\/a><\/td><td><strong>Jean-Fran\u00e7ois MORIZEAU<\/strong><br><br><a href=\"mailto:jfmorizeau@gmail.com\">jfmorizeau@gmail.com<\/a><\/td><\/tr><tr><td><strong>Jean-Yves RICHARD<\/strong><br><br>r<a href=\"mailto:ichard-jy@wanadoo.fr\">ichard-jy@wanadoo.fr<\/a><\/td><td><strong>Edith ROBERT<\/strong><br><br><a href=\"mailto:jfesesasyni@hotmail.com\">jfesesasyni@hotmail.com<\/a><\/td><\/tr><\/tbody><\/table><\/figure>\n","protected":false},"excerpt":{"rendered":"<p>P\u00e8re Maurice MANWELL Guy MAURENARD &#8211; Diacre 02.37.32.91.49\u00a0 \/\u00a0 06.13.03.30.67guy.maurenard@wanadoo.fr Victor DE OLIVEIRA &#8211; Diacre 02.37.22.90.28\u00a0 \/\u00a0 06.01.03.19.51videol@aol.com Accueil t\u00e9l\u00e9phonique : 06.21.96.88.06 Fran\u00e7oise LEGUE francoise.legue@orange.fr Laurence ASSELIN lasselin28@gmail.com Nathalie SAUSSEREAU&hellip; <br \/> <a class=\"read-more\" href=\"https:\/\/labonnenouvelle-valdeleure.fr\/index.php\/2023\/11\/22\/pastorale-du-deuil\/\">Lire la suite<\/a><\/p>\n","protected":false},"author":1,"featured_media":0,"comment_status":"closed","ping_status":"closed","sticky":false,"template":"","format":"standard","meta":{"_monsterinsights_skip_tracking":false,"_monsterinsights_sitenote_active":false,"_monsterinsights_sitenote_note":"","_monsterinsights_sitenote_category":0,"_price":"","_stock":"","_tribe_ticket_header":"","_tribe_default_ticket_provider":"","_ticket_start_date":"","_ticket_end_date":"","_tribe_ticket_show_description":"","_tribe_ticket_show_not_going":false,"_tribe_ticket_use_global_stock":"","_tribe_ticket_global_stock_level":"","_global_stock_mode":"","_global_stock_cap":"","_tribe_rsvp_for_event":"","_tribe_ticket_going_count":"","_tribe_ticket_not_going_count":"","_tribe_tickets_list":"[]","_tribe_ticket_has_attendee_info_fields":false,"_EventAllDay":false,"_EventTimezone":"","_EventStartDate":"","_EventEndDate":"","_EventStartDateUTC":"","_EventEndDateUTC":"","_EventShowMap":false,"_EventShowMapLink":false,"_EventURL":"","_EventCost":"","_EventCostDescription":"","_EventCurrencySymbol":"","_EventCurrencyCode":"","_EventCurrencyPosition":"","_EventDateTimeSeparator":"","_EventTimeRangeSeparator":"","_EventOrganizerID":[],"_EventVenueID":[],"_OrganizerEmail":"","_OrganizerPhone":"","_OrganizerWebsite":"","_VenueAddress":"","_VenueCity":"","_VenueCountry":"","_VenueProvince":"","_VenueState":"","_VenueZip":"","_VenuePhone":"","_VenueURL":"","_VenueStateProvince":"","_VenueLat":"","_VenueLng":"","_VenueShowMap":false,"_VenueShowMapLink":false,"footnotes":""},"categories":[14],"tags":[],"class_list":["post-737","post","type-post","status-publish","format-standard","hentry","category-annuaire"],"aioseo_notices":[],"_links":{"self":[{"href":"https:\/\/labonnenouvelle-valdeleure.fr\/index.php\/wp-json\/wp\/v2\/posts\/737","targetHints":{"allow":["GET"]}}],"collection":[{"href":"https:\/\/labonnenouvelle-valdeleure.fr\/index.php\/wp-json\/wp\/v2\/posts"}],"about":[{"href":"https:\/\/labonnenouvelle-valdeleure.fr\/index.php\/wp-json\/wp\/v2\/types\/post"}],"author":[{"embeddable":true,"href":"https:\/\/labonnenouvelle-valdeleure.fr\/index.php\/wp-json\/wp\/v2\/users\/1"}],"replies":[{"embeddable":true,"href":"https:\/\/labonnenouvelle-valdeleure.fr\/index.php\/wp-json\/wp\/v2\/comments?post=737"}],"version-history":[{"count":3,"href":"https:\/\/labonnenouvelle-valdeleure.fr\/index.php\/wp-json\/wp\/v2\/posts\/737\/revisions"}],"predecessor-version":[{"id":1021,"href":"https:\/\/labonnenouvelle-valdeleure.fr\/index.php\/wp-json\/wp\/v2\/posts\/737\/revisions\/1021"}],"wp:attachment":[{"href":"https:\/\/labonnenouvelle-valdeleure.fr\/index.php\/wp-json\/wp\/v2\/media?parent=737"}],"wp:term":[{"taxonomy":"category","embeddable":true,"href":"https:\/\/labonnenouvelle-valdeleure.fr\/index.php\/wp-json\/wp\/v2\/categories?post=737"},{"taxonomy":"post_tag","embeddable":true,"href":"https:\/\/labonnenouvelle-valdeleure.fr\/index.php\/wp-json\/wp\/v2\/tags?post=737"}],"curies":[{"name":"wp","href":"https:\/\/api.w.org\/{rel}","templated":true}]}}