{"id":722,"date":"2023-11-22T11:22:50","date_gmt":"2023-11-22T10:22:50","guid":{"rendered":"https:\/\/labonnenouvelle-valdeleure.fr\/?p=722"},"modified":"2024-08-15T18:51:30","modified_gmt":"2024-08-15T16:51:30","slug":"la-catechese","status":"publish","type":"post","link":"https:\/\/labonnenouvelle-valdeleure.fr\/index.php\/2023\/11\/22\/la-catechese\/","title":{"rendered":"LA CATECHESE"},"content":{"rendered":"\n<figure class=\"wp-block-table\"><table><tbody><tr><td><strong>Florie VILETTE<\/strong> &#8211; <strong>Coordinatrice<\/strong><br>5 rue du Prieur\u00e9<br>28190 Chuisnes<br>06.62.91.20.14<br>cate.bonnenouvelle@diocesechartres.fr<\/td><\/tr><\/tbody><\/table><\/figure>\n\n\n\n<p class=\"has-text-align-center\"><strong><mark style=\"background-color:rgba(0, 0, 0, 0)\" class=\"has-inline-color has-vivid-green-cyan-color\"><kbd>\u00c9veil \u00e0 la Foi<\/kbd><\/mark><\/strong><\/p>\n\n\n<div class=\"wp-block-image\">\n<figure class=\"aligncenter size-thumbnail\"><img loading=\"lazy\" decoding=\"async\" width=\"150\" height=\"150\" src=\"https:\/\/labonnenouvelle-valdeleure.fr\/wp-content\/uploads\/2023\/10\/EveilFoi-150x150.png\" alt=\"\" class=\"wp-image-168\"\/><\/figure><\/div>\n\n\n<figure class=\"wp-block-table\"><table><tbody><tr><td><strong>Corinne GARNIER<\/strong><br>15 rue de Courville &#8211; Loulappe<br>28190 Saint Luperce<br>06.15.40.41.92<br>famille-garnier@live.fr<\/td><\/tr><\/tbody><\/table><\/figure>\n\n\n\n<p class=\"has-text-align-center\"><strong><mark style=\"background-color:rgba(0, 0, 0, 0)\" class=\"has-inline-color has-vivid-green-cyan-color\">1<sup>\u00e8re<\/sup>, 2<sup>\u00e8me<\/sup> et 3<sup>\u00e8me<\/sup> ann\u00e9es&nbsp; de cat\u00e9ch\u00e8se<\/mark><\/strong><\/p>\n\n\n<div class=\"wp-block-image\">\n<figure class=\"aligncenter size-thumbnail\"><img loading=\"lazy\" decoding=\"async\" width=\"150\" height=\"150\" src=\"https:\/\/labonnenouvelle-valdeleure.fr\/wp-content\/uploads\/2023\/10\/123AnneeCatechese-150x150.png\" alt=\"\" class=\"wp-image-167\"\/><\/figure><\/div>\n\n\n<figure class=\"wp-block-table\"><table class=\"has-fixed-layout\"><tbody><tr><td><strong>Christine SARRADIN<\/strong><br>20 rue du 8 mai 1945<br>28190 Saint Georges sur Eure<br>06.17.28.72.14<br>christine.sarradin28@orange.fr<\/td><td><strong>S\u00e9verine TONNARD<\/strong><br>1D Grand\u2019rue &#8211; M\u00e9robert<br>28190 Saint Georges sur Eure<br>06.11.68.69.10<br>severine.tonnard@orange.fr<\/td><\/tr><\/tbody><\/table><\/figure>\n\n\n\n<p class=\"has-text-align-center\"><strong><mark style=\"background-color:rgba(0, 0, 0, 0)\" class=\"has-inline-color has-vivid-green-cyan-color\">Pr\u00e9paration \u00e0 la premi\u00e8re des communions<\/mark><\/strong><\/p>\n\n\n<div class=\"wp-block-image\">\n<figure class=\"aligncenter size-full\"><img loading=\"lazy\" decoding=\"async\" width=\"241\" height=\"209\" src=\"http:\/\/labonnenouvelle-valdeleure.fr\/wp-content\/uploads\/2023\/10\/Communion.png\" alt=\"\" class=\"wp-image-166\"\/><\/figure><\/div>\n\n\n<figure class=\"wp-block-table\"><table class=\"has-fixed-layout\"><tbody><tr><td><strong>Auridis ALMEIDA<\/strong><br>4 rue Jean Moulin<br>28190 Fontaine la Guyon<br>06.29.33.92.18<br>almeidaphilippe@gmail.com<\/td><td><strong>Isabelle LAMBERT<\/strong><br>28000 Chartres<br>06.77.18.49.30<br><a href=\"mailto:erikisabelleandco@wanadoo.fr\">erikisabelleandco@wanadoo.fr<\/a><\/td><\/tr><tr><td><strong>Sophie LEDOUX<\/strong><br>M\u00e9raubry<br>28190 Billancelles<br>06.16.09.14.89<br>sophie.ledoux@hotmail.fr<\/td><td><strong>Solange FOURIAUX<\/strong><br>28190 Dangers<br>06.46.08.37.83<br>solange.fouriaux@sfr.fr<\/td><\/tr><\/tbody><\/table><\/figure>\n\n\n\n<p class=\"has-text-align-center\"><strong><mark style=\"background-color:rgba(0, 0, 0, 0)\" class=\"has-inline-color has-vivid-green-cyan-color\">Profession de foi -Aum\u00f4nerie des jeunes<\/mark><\/strong><\/p>\n\n\n<div class=\"wp-block-image\">\n<figure class=\"aligncenter size-thumbnail\"><img loading=\"lazy\" decoding=\"async\" width=\"150\" height=\"150\" src=\"https:\/\/labonnenouvelle-valdeleure.fr\/wp-content\/uploads\/2023\/10\/ProfessionFoi-150x150.png\" alt=\"\" class=\"wp-image-165\"\/><\/figure><\/div>\n\n\n<figure class=\"wp-block-table\"><table class=\"has-fixed-layout\"><tbody><tr><td><strong>Ronan LECOCQ<\/strong><br>12 rue de la mairie<br>28190 Billancelles<br>06.34.90.15.23<br>ronanlecocq@yahoo.fr<\/td><td><strong>Nathalie SAUSSEREAU<br>Secr\u00e9tariat aum\u00f4nerie des jeunes<\/strong><br>35 faubourg Saint Jacques<br>28190 Pontgouin<br>07.70.26.75.16<br>saussereau.nathalie@gmail.com<\/td><\/tr><\/tbody><\/table><\/figure>\n\n\n\n<p class=\"has-text-align-center\"><strong><mark style=\"background-color:rgba(0, 0, 0, 0)\" class=\"has-inline-color has-vivid-green-cyan-color\">Pr\u00e9paration \u00e0 la Confirmation<\/mark><\/strong><\/p>\n\n\n<div class=\"wp-block-image\">\n<figure class=\"aligncenter size-thumbnail\"><img loading=\"lazy\" decoding=\"async\" width=\"150\" height=\"150\" src=\"https:\/\/labonnenouvelle-valdeleure.fr\/wp-content\/uploads\/2023\/10\/Confirmation-150x150.png\" alt=\"\" class=\"wp-image-163\"\/><\/figure><\/div>\n\n\n<figure class=\"wp-block-table\"><table><tbody><tr><td><strong>Annie CASPAR<\/strong><br>30 R\u00e9sidence du Pr\u00e9 des Vignes<br>28190 Courville sur Eure<br>06.30.42.40.04<br><a href=\"mailto:anniecaspar28190@gmail.com\">anniecaspar28190@gmail.com<\/a><\/td><\/tr><\/tbody><\/table><\/figure>\n\n\n\n<p class=\"has-text-align-center\"><strong><mark style=\"background-color:rgba(0, 0, 0, 0)\" class=\"has-inline-color has-vivid-green-cyan-color\">Pr\u00e9paration au bapt\u00eame des enfants d\u2019\u00e2ge scolaire<\/mark><\/strong><\/p>\n\n\n\n<figure class=\"wp-block-table\"><table class=\"has-fixed-layout\"><tbody><tr><td><strong>Elfi MAILLARD<\/strong><br>12 rue Charles P\u00e9guy<br>28190 Fontaine la Guyon<br>06.10.63.12.20<br><a href=\"mailto:cyrille-nath@wanadoo.fr\">elfi.maillard@yahoo.com<\/a><\/td><td><strong>C\u00e9cile et Xavier GARGAM<\/strong><br>8 impasse des bl\u00e9s d\u2019or<br>28190 Fontaine la Guyon<br>06.74.53.85.25<br><a href=\"mailto:cyrille-nath@wanadoo.fr\">c_gargam@orange.fr<\/a><\/td><\/tr><\/tbody><\/table><\/figure>\n\n\n\n<p class=\"has-text-align-center\"><strong><mark style=\"background-color:rgba(0, 0, 0, 0)\" class=\"has-inline-color has-vivid-green-cyan-color\">Pr\u00e9paration au bapt\u00eame des adolescents<\/mark><\/strong><\/p>\n\n\n\n<figure class=\"wp-block-table\"><table class=\"has-fixed-layout\"><tbody><tr><td><strong>Aude PROVENDIER &#8211; Responsable<\/strong><br>6 rue Nouvelle &#8211; Ch\u00e2tenay<br>28190 Mittainvilliers-V\u00e9rigny<br>06.30.49.79.06<\/td><td><strong>Thierry PROVENDIER<\/strong><br>06.78.48.05.45<br><a href=\"mailto:cyrille-nath@wanadoo.fr\">thierry.aude.provendier@orange.fr<\/a><\/td><\/tr><tr><td><strong>St\u00e9phane AIME<\/strong><br>28190 Chuisnes<br>07.82.73.84.63<br><a href=\"mailto:cyrille-nath@wanadoo.fr\">stephane.aime@sncf.fr<\/a><br>fanfanaime28@free.fr<\/td><td><strong>B\u00e9atrice PRZYBYLAK<\/strong><br>06.47.59.11.53<br>beatriceprzybylak@gmail.com<\/td><\/tr><\/tbody><\/table><\/figure>\n\n\n\n<p class=\"has-text-align-center\"><strong><mark style=\"background-color:rgba(0, 0, 0, 0)\" class=\"has-inline-color has-vivid-green-cyan-color\">Cat\u00e9chum\u00e9nat<\/mark><\/strong><\/p>\n\n\n<div class=\"wp-block-image\">\n<figure class=\"aligncenter size-thumbnail\"><img loading=\"lazy\" decoding=\"async\" width=\"150\" height=\"150\" src=\"https:\/\/labonnenouvelle-valdeleure.fr\/wp-content\/uploads\/2023\/10\/Catechumenat-150x150.png\" alt=\"\" class=\"wp-image-162\" srcset=\"https:\/\/labonnenouvelle-valdeleure.fr\/wp-content\/uploads\/2023\/10\/Catechumenat-150x150.png 150w, https:\/\/labonnenouvelle-valdeleure.fr\/wp-content\/uploads\/2023\/10\/Catechumenat-300x300.png 300w, https:\/\/labonnenouvelle-valdeleure.fr\/wp-content\/uploads\/2023\/10\/Catechumenat-1024x1022.png 1024w, https:\/\/labonnenouvelle-valdeleure.fr\/wp-content\/uploads\/2023\/10\/Catechumenat-768x766.png 768w, https:\/\/labonnenouvelle-valdeleure.fr\/wp-content\/uploads\/2023\/10\/Catechumenat-1536x1533.png 1536w, https:\/\/labonnenouvelle-valdeleure.fr\/wp-content\/uploads\/2023\/10\/Catechumenat-2048x2044.png 2048w, https:\/\/labonnenouvelle-valdeleure.fr\/wp-content\/uploads\/2023\/10\/Catechumenat-1082x1080.png 1082w\" sizes=\"auto, (max-width: 150px) 100vw, 150px\" \/><\/figure><\/div>\n\n\n<figure class=\"wp-block-table\"><table class=\"has-fixed-layout\"><tbody><tr><td><strong>P\u00e8re Maurice MANWELL<\/strong><br>Maison Paroissiale<br>2, rue Saint-Nicolas<br>28190 Courville sur Eure<br>02.37.23.21.27<br>manmaut@yahoo.co.uk<\/td><td><strong>M. Jean-Marc JUBAULT, Diacre<\/strong><br>18 rue du 14 juillet<br>28300 Mainvilliers<br>02.37.21.06.66<br><a href=\"mailto:catherinejeanmarc@free.fr\">catherinejeanmarc@free.fr<\/a><\/td><\/tr><\/tbody><\/table><\/figure>\n\n\n\n<p class=\"has-text-align-center\"><strong><mark style=\"background-color:rgba(0, 0, 0, 0)\" class=\"has-inline-color has-vivid-green-cyan-color\">Servants de messe<\/mark><\/strong><\/p>\n\n\n\n<figure class=\"wp-block-table\"><table class=\"has-fixed-layout\"><tbody><tr><td><strong>Elodie CHARTRIN &#8211; Responsable<br><\/strong>12 rue aux juifs<br>28190 Chuisnes<br>06.46.24.93.44<br>elo.chartrin@orange.fr<\/td><td><strong>David RAPIN<\/strong><br>3 impasse Roger Saget<br>28190 Courville sur Eure<br>07.83.69.97.71<br>david.rapin2@gmail.com<\/td><\/tr><\/tbody><\/table><\/figure>\n\n\n\n<p><strong>Membres<\/strong><\/p>\n\n\n\n<figure class=\"wp-block-table\"><table class=\"has-fixed-layout\"><tbody><tr><td><strong>Christian RAPIN (cl\u00e9s St Pierre)<\/strong><br>28190 Courville sur Eure<br>06.52.41.97.78<\/td><td><strong>S\u00e9bastien HABERT<\/strong><br>28190 St Arnoult des Bois<br>06.50.82.94.53<\/td><\/tr><tr><td><strong>Caroline KEMMAT<\/strong><br>28190 St Aubin des Bois<br>06.76.37.89.74<\/td><td><\/td><\/tr><\/tbody><\/table><\/figure>\n","protected":false},"excerpt":{"rendered":"<p>Florie VILETTE &#8211; Coordinatrice5 rue du Prieur\u00e928190 Chuisnes06.62.91.20.14cate.bonnenouvelle@diocesechartres.fr \u00c9veil \u00e0 la Foi Corinne GARNIER15 rue de Courville &#8211; Loulappe28190 Saint Luperce06.15.40.41.92famille-garnier@live.fr 1\u00e8re, 2\u00e8me et 3\u00e8me ann\u00e9es&nbsp; de cat\u00e9ch\u00e8se Christine SARRADIN20&hellip; <br \/> <a class=\"read-more\" href=\"https:\/\/labonnenouvelle-valdeleure.fr\/index.php\/2023\/11\/22\/la-catechese\/\">Lire la suite<\/a><\/p>\n","protected":false},"author":1,"featured_media":0,"comment_status":"closed","ping_status":"closed","sticky":false,"template":"","format":"standard","meta":{"_monsterinsights_skip_tracking":false,"_monsterinsights_sitenote_active":false,"_monsterinsights_sitenote_note":"","_monsterinsights_sitenote_category":0,"_price":"","_stock":"","_tribe_ticket_header":"","_tribe_default_ticket_provider":"","_ticket_start_date":"","_ticket_end_date":"","_tribe_ticket_show_description":"","_tribe_ticket_show_not_going":false,"_tribe_ticket_use_global_stock":"","_tribe_ticket_global_stock_level":"","_global_stock_mode":"","_global_stock_cap":"","_tribe_rsvp_for_event":"","_tribe_ticket_going_count":"","_tribe_ticket_not_going_count":"","_tribe_tickets_list":"[]","_tribe_ticket_has_attendee_info_fields":false,"_EventAllDay":false,"_EventTimezone":"","_EventStartDate":"","_EventEndDate":"","_EventStartDateUTC":"","_EventEndDateUTC":"","_EventShowMap":false,"_EventShowMapLink":false,"_EventURL":"","_EventCost":"","_EventCostDescription":"","_EventCurrencySymbol":"","_EventCurrencyCode":"","_EventCurrencyPosition":"","_EventDateTimeSeparator":"","_EventTimeRangeSeparator":"","_EventOrganizerID":[],"_EventVenueID":[],"_OrganizerEmail":"","_OrganizerPhone":"","_OrganizerWebsite":"","_VenueAddress":"","_VenueCity":"","_VenueCountry":"","_VenueProvince":"","_VenueState":"","_VenueZip":"","_VenuePhone":"","_VenueURL":"","_VenueStateProvince":"","_VenueLat":"","_VenueLng":"","_VenueShowMap":false,"_VenueShowMapLink":false,"footnotes":""},"categories":[14],"tags":[],"class_list":["post-722","post","type-post","status-publish","format-standard","hentry","category-annuaire"],"aioseo_notices":[],"_links":{"self":[{"href":"https:\/\/labonnenouvelle-valdeleure.fr\/index.php\/wp-json\/wp\/v2\/posts\/722","targetHints":{"allow":["GET"]}}],"collection":[{"href":"https:\/\/labonnenouvelle-valdeleure.fr\/index.php\/wp-json\/wp\/v2\/posts"}],"about":[{"href":"https:\/\/labonnenouvelle-valdeleure.fr\/index.php\/wp-json\/wp\/v2\/types\/post"}],"author":[{"embeddable":true,"href":"https:\/\/labonnenouvelle-valdeleure.fr\/index.php\/wp-json\/wp\/v2\/users\/1"}],"replies":[{"embeddable":true,"href":"https:\/\/labonnenouvelle-valdeleure.fr\/index.php\/wp-json\/wp\/v2\/comments?post=722"}],"version-history":[{"count":6,"href":"https:\/\/labonnenouvelle-valdeleure.fr\/index.php\/wp-json\/wp\/v2\/posts\/722\/revisions"}],"predecessor-version":[{"id":976,"href":"https:\/\/labonnenouvelle-valdeleure.fr\/index.php\/wp-json\/wp\/v2\/posts\/722\/revisions\/976"}],"wp:attachment":[{"href":"https:\/\/labonnenouvelle-valdeleure.fr\/index.php\/wp-json\/wp\/v2\/media?parent=722"}],"wp:term":[{"taxonomy":"category","embeddable":true,"href":"https:\/\/labonnenouvelle-valdeleure.fr\/index.php\/wp-json\/wp\/v2\/categories?post=722"},{"taxonomy":"post_tag","embeddable":true,"href":"https:\/\/labonnenouvelle-valdeleure.fr\/index.php\/wp-json\/wp\/v2\/tags?post=722"}],"curies":[{"name":"wp","href":"https:\/\/api.w.org\/{rel}","templated":true}]}}