{"id":657,"date":"2023-11-22T19:54:00","date_gmt":"2023-11-22T18:54:00","guid":{"rendered":"https:\/\/labonnenouvelle-valdeleure.fr\/?p=657"},"modified":"2025-11-07T16:02:42","modified_gmt":"2025-11-07T15:02:42","slug":"le-journal-des-vallees","status":"publish","type":"post","link":"https:\/\/labonnenouvelle-valdeleure.fr\/index.php\/2023\/11\/22\/le-journal-des-vallees\/","title":{"rendered":"Le Journal des Vall\u00e9es"},"content":{"rendered":"\n<h2 class=\"wp-block-heading\">Le Journal des Vall\u00e9es : T\u00e9moin de la vie paroissiale<\/h2>\n\n\n\n<p>Le Journal des Vall\u00e9es, votre source d&rsquo;informations sur la vie de notre paroisse.<\/p>\n\n\n\n<p>Que vous soyez un paroissien d\u00e9vou\u00e9 ou simplement curieux de d\u00e9couvrir notre communaut\u00e9, notre journal est l\u00e0 pour vous tenir au courant des \u00e9v\u00e9nements, des activit\u00e9s et des nouvelles importantes.<\/p>\n\n\n\n<h3 class=\"wp-block-heading\">Des articles refl\u00e9tant la vie de la paroisse<\/h3>\n\n\n\n<p>Le Journal des Vall\u00e9es est un espace d\u00e9di\u00e9 \u00e0 la mise en valeur de notre paroisse et de ses membres.<\/p>\n\n\n\n<p>Nous publions r\u00e9guli\u00e8rement des articles qui mettent en lumi\u00e8re les personnes, les initiatives et les \u00e9v\u00e9nements qui font vibrer notre communaut\u00e9.<\/p>\n\n\n\n<p>Que ce soit pour relater une c\u00e9l\u00e9bration religieuse, partager une exp\u00e9rience de b\u00e9n\u00e9volat, ou pr\u00e9senter un projet communautaire, notre journal est un v\u00e9ritable reflet de la vie paroissiale.<\/p>\n\n\n\n<p>Nous nous effor\u00e7ons de couvrir un large \u00e9ventail de sujets afin de r\u00e9pondre aux int\u00e9r\u00eats et aux besoins de tous les membres de notre paroisse.<\/p>\n\n\n\n<h3 class=\"wp-block-heading\">T\u00e9l\u00e9chargez nos anciens journaux<\/h3>\n\n\n\n<p>Nous comprenons l&rsquo;importance de pr\u00e9server notre patrimoine paroissial et de garder une trace de notre histoire. C&rsquo;est pourquoi nous vous offrons la possibilit\u00e9 de t\u00e9l\u00e9charger nos anciens journaux.<\/p>\n\n\n\n<p>En parcourant nos archives, vous pourrez revivre les moments marquants de notre paroisse, vous familiariser avec les traditions et les \u00e9v\u00e9nements pass\u00e9s, et peut-\u00eatre m\u00eame retrouver des souvenirs pr\u00e9cieux.<\/p>\n\n\n\n<p><\/p>\n\n\n\n<div data-wp-interactive=\"core\/file\" class=\"wp-block-file\"><object data-wp-bind--hidden=\"!state.hasPdfPreview\" hidden class=\"wp-block-file__embed\" data=\"https:\/\/labonnenouvelle-valdeleure.fr\/wp-content\/uploads\/2023\/11\/Journal-des-vallees-Septembre-2023.pdf\" type=\"application\/pdf\" style=\"width:100%;height:600px\" aria-label=\"Contenu embarqu\u00e9 Journal des Vall\u00e9es -Septembre-2023.\"><\/object><a id=\"wp-block-file--media-b36c4c9a-d906-40fd-9ee4-21d5b28d1c6a\" href=\"https:\/\/labonnenouvelle-valdeleure.fr\/index.php\/2023\/11\/22\/le-journal-des-vallees\/journal-des-vallees-septembre-2023\/\">Journal des Vall\u00e9es -Septembre-2023<\/a><\/div>\n\n\n\n<div class=\"wp-block-file\"><a id=\"wp-block-file--media-6e7387a7-f503-4a81-9498-f29e1fcca5f3\" href=\"https:\/\/labonnenouvelle-valdeleure.fr\/wp-content\/uploads\/2024\/02\/Journaldesvallee-86-V6.pdf\">Journal des Vall\u00e9es &#8211; D\u00e9cembre 2022<\/a><\/div>\n\n\n\n<div class=\"wp-block-file\"><a id=\"wp-block-file--media-327e60cc-d9cf-4145-bac8-79c9f390e949\" href=\"https:\/\/labonnenouvelle-valdeleure.fr\/wp-content\/uploads\/2024\/02\/Journaldesvallee-85-V5.pdf\">Journal des Vall\u00e9es &#8211; Septembre 2022<\/a><\/div>\n\n\n\n<div class=\"wp-block-file\"><a id=\"wp-block-file--media-0ba4383d-98c1-4718-8a84-b5debf424658\" href=\"https:\/\/labonnenouvelle-valdeleure.fr\/wp-content\/uploads\/2024\/02\/JournaldesVallees-84-def-1.pdf\">Journal des Vall\u00e9es &#8211; Juin 2022<\/a><\/div>\n\n\n\n<div class=\"wp-block-file\"><a id=\"wp-block-file--media-a5d7b01a-90d9-4f00-842d-0cfdbf6f3571\" href=\"https:\/\/labonnenouvelle-valdeleure.fr\/wp-content\/uploads\/2024\/02\/Journaldesvallee-83-V5-def.pdf\">Journal des Vall\u00e9es &#8211; Mars 2022<\/a><\/div>\n\n\n\n<div class=\"wp-block-file\"><a id=\"wp-block-file--media-ea9cb9a6-5e77-4c80-82f6-1a0078b91dd5\" href=\"https:\/\/labonnenouvelle-valdeleure.fr\/wp-content\/uploads\/2024\/02\/Journaldesvallee-82-v5-internet.pdf\">Journal des Vall\u00e9es &#8211; D\u00e9cembre 2021<\/a><\/div>\n\n\n\n<div class=\"wp-block-file\"><a id=\"wp-block-file--media-2dbbf311-fa6d-41cf-ab40-546535868104\" href=\"https:\/\/labonnenouvelle-valdeleure.fr\/wp-content\/uploads\/2024\/02\/Doyenne-des-Vallees-80-V-4-def.pdf\">Journal des Vall\u00e9es &#8211; Juin 2021<\/a><\/div>\n\n\n\n<div class=\"wp-block-file\"><a id=\"wp-block-file--media-685ef8c2-620d-47bb-a8f0-b082819d9934\" href=\"https:\/\/labonnenouvelle-valdeleure.fr\/wp-content\/uploads\/2024\/02\/Doyenne-des-Vallees-79-V-def-corrigee-.pdf\">Journal des Vall\u00e9es &#8211; Mars 2021<\/a><\/div>\n\n\n\n<div class=\"wp-block-file\"><a id=\"wp-block-file--media-6fc880fb-c842-4f88-92fd-cadbeb897e64\" href=\"https:\/\/labonnenouvelle-valdeleure.fr\/wp-content\/uploads\/2024\/02\/Journal-des-Vallees-78-V-def.pdf\">Journal des Vall\u00e9es -D\u00e9cembre 2020<\/a><\/div>\n\n\n\n<div class=\"wp-block-file\"><a id=\"wp-block-file--media-0b5d594f-25e5-4488-989e-b13d63357c44\" href=\"https:\/\/labonnenouvelle-valdeleure.fr\/wp-content\/uploads\/2024\/02\/Doyenne-des-Vallees-77-V5.pdf\">Journal des Vall\u00e9es -Septembre 2020<\/a><\/div>\n\n\n\n<div class=\"wp-block-file\"><a id=\"wp-block-file--media-505c5e6e-21d9-4660-919f-83158fa400c0\" href=\"https:\/\/labonnenouvelle-valdeleure.fr\/wp-content\/uploads\/2024\/02\/Doyenne-des-Vallees-76-juin-2020-V-def.pdf\">Journal des Vall\u00e9es &#8211; Juin 2020<\/a><\/div>\n\n\n\n<div class=\"wp-block-file\"><a id=\"wp-block-file--media-2a70c76f-4d52-4a10-9bbb-48473024a34b\" href=\"https:\/\/labonnenouvelle-valdeleure.fr\/wp-content\/uploads\/2024\/02\/Doyenne-des-Vallees-75-mars-20-V4-def.pdf\">Journal des Vall\u00e9es &#8211; Mars 2020<\/a><\/div>\n\n\n\n<div class=\"wp-block-file\"><a id=\"wp-block-file--media-8aaf3e5d-7446-4643-939a-db134bfe774e\" href=\"https:\/\/labonnenouvelle-valdeleure.fr\/wp-content\/uploads\/2024\/02\/Doyenne-des-Vallees-74-V-3-def.pdf\">Journal des Vall\u00e9es &#8211; D\u00e9cembre 2019<\/a><\/div>\n\n\n\n<div class=\"wp-block-file\"><a id=\"wp-block-file--media-40ada83a-881e-4c37-b405-9e19e097d3d9\" href=\"https:\/\/labonnenouvelle-valdeleure.fr\/wp-content\/uploads\/2024\/02\/Doyenne-des-Vallees-73-V5-def.pdf\">Journal des Vall\u00e9es &#8211; Septembre 2019<\/a><\/div>\n\n\n\n<div class=\"wp-block-file\"><a id=\"wp-block-file--media-bf4a112a-888c-46ca-a815-bfa978d4e293\" href=\"https:\/\/labonnenouvelle-valdeleure.fr\/wp-content\/uploads\/2024\/02\/Doyenne-des-Vallees-72-V6.pdf\">Journal des Vall\u00e9es &#8211; Juin 2019<\/a><\/div>\n\n\n\n<div class=\"wp-block-file\"><a id=\"wp-block-file--media-7dab8556-c169-45fd-b2b0-002a276a533a\" href=\"https:\/\/labonnenouvelle-valdeleure.fr\/wp-content\/uploads\/2024\/02\/Doyenne-des-Vallees-71-V6-18-02.pdf\">Journal des Vall\u00e9es &#8211; Mars 2019<\/a><\/div>\n\n\n\n<div class=\"wp-block-file\"><a id=\"wp-block-file--media-db2d17c4-b5bb-4c8c-a7c1-c1c027b16272\" href=\"https:\/\/labonnenouvelle-valdeleure.fr\/wp-content\/uploads\/2024\/02\/Doyenne-des-Vallees-70-V-definitif.pdf\">Journal des Vall\u00e9es &#8211; D\u00e9cembre 2018<\/a><\/div>\n\n\n\n<div class=\"wp-block-file\"><a id=\"wp-block-file--media-c3715eab-deab-4805-b5d8-7905afade9f4\" href=\"https:\/\/labonnenouvelle-valdeleure.fr\/wp-content\/uploads\/2024\/02\/Doyenne-des-Vallees-69-31-07.-V-definitif.pdf\">Journal des Vall\u00e9es &#8211; Septembre 2018<\/a><\/div>\n\n\n\n<div class=\"wp-block-file\"><a id=\"wp-block-file--media-953afd7b-7751-4380-a0d2-5712be75ff8d\" href=\"https:\/\/labonnenouvelle-valdeleure.fr\/wp-content\/uploads\/2024\/02\/Doyenne-des-Vallees-68-juin-definitif.pdf\">Journal des Vall\u00e9es &#8211; Juin 2018<\/a><\/div>\n\n\n\n<div class=\"wp-block-file\"><a id=\"wp-block-file--media-9b183a76-ce24-46aa-837f-10e97157faf3\" href=\"https:\/\/labonnenouvelle-valdeleure.fr\/wp-content\/uploads\/2024\/02\/Doyenne-des-Vallees-67-1.pdf\">Journal des Vall\u00e9es &#8211; Mars 2018<\/a><\/div>\n\n\n\n<div class=\"wp-block-file\"><a id=\"wp-block-file--media-97288d0e-7833-49e3-b7e0-6c20e35020cc\" href=\"https:\/\/labonnenouvelle-valdeleure.fr\/wp-content\/uploads\/2024\/02\/Doyenne-des-Vallees-66-dec-2017.pdf\">Journal des Vall\u00e9es &#8211; D\u00e9cembre 2017<\/a><\/div>\n\n\n\n<div class=\"wp-block-file\"><a id=\"wp-block-file--media-0af0edfb-a2ea-4252-8a78-a75f057663cc\" href=\"https:\/\/labonnenouvelle-valdeleure.fr\/wp-content\/uploads\/2024\/02\/Doyenne-des-Vallees-65_Sept17-pour-site-paroisses.pdf\">Journal des Vall\u00e9es &#8211; Septembre 2017<\/a><\/div>\n\n\n\n<div class=\"wp-block-file\"><a id=\"wp-block-file--media-b6712223-4570-49eb-b93d-d1d6fd935d5b\" href=\"https:\/\/labonnenouvelle-valdeleure.fr\/wp-content\/uploads\/2024\/02\/Doyenne-des-Vallees-64_Juin-2017-der.pdf\">Journal des Vall\u00e9es -Juin 2017<\/a><\/div>\n\n\n\n<div class=\"wp-block-file\"><a id=\"wp-block-file--media-4a23ed0a-971c-48e0-9d8c-e7af619d309c\" href=\"https:\/\/labonnenouvelle-valdeleure.fr\/wp-content\/uploads\/2024\/02\/Doyenne-des-Vallees-63_internet-1.pdf\">Journal des Vall\u00e9es &#8211; Mars 2017<\/a><\/div>\n\n\n\n<div class=\"wp-block-file\"><a id=\"wp-block-file--media-70d8cc64-328d-4151-82ed-395843b75ad4\" href=\"https:\/\/labonnenouvelle-valdeleure.fr\/wp-content\/uploads\/2024\/02\/Doyenne-des-Vallees-62-bat2.pdf\">Journal des Vall\u00e9es &#8211; D\u00e9cembre 2016<\/a><\/div>\n\n\n\n<div class=\"wp-block-file\"><a id=\"wp-block-file--media-c4f52597-da72-4e9f-ad54-834bf7358988\" href=\"https:\/\/labonnenouvelle-valdeleure.fr\/wp-content\/uploads\/2024\/02\/Doyenne-des-Vallees-61-BAT5.pdf\">Journal des Vall\u00e9es &#8211; Septembre 2016<\/a><\/div>\n\n\n\n<div class=\"wp-block-file\"><a id=\"wp-block-file--media-d2223195-ea69-40c9-9cad-e4ee4a7e97e0\" href=\"https:\/\/labonnenouvelle-valdeleure.fr\/wp-content\/uploads\/2024\/02\/Doyenne-des-Vallees-60_BAT3.pdf\">Journal des Vall\u00e9es &#8211; Mai 2016<\/a><\/div>\n\n\n\n<div class=\"wp-block-file\"><a id=\"wp-block-file--media-48d914ab-d527-4141-acb8-55a0287a0a97\" href=\"https:\/\/labonnenouvelle-valdeleure.fr\/wp-content\/uploads\/2024\/02\/Doyenne-des-Vallees-59_Mars16-version-4.pdf\">Journal des Vall\u00e9es &#8211; Mars 2016<\/a><\/div>\n\n\n\n<p><\/p>\n\n\n\n<p>Nous esp\u00e9rons que le Journal des Vall\u00e9es vous apportera une meilleure connaissance de notre paroisse et renforcera les liens qui nous unissent en tant que communaut\u00e9.<\/p>\n\n\n\n<p>N&rsquo;h\u00e9sitez pas \u00e0 nous faire part de vos suggestions d&rsquo;articles ou de sujets que vous aimeriez voir abord\u00e9s dans nos prochaines \u00e9ditions.<\/p>\n","protected":false},"excerpt":{"rendered":"<p>Le Journal des Vall\u00e9es : T\u00e9moin de la vie paroissiale Le Journal des Vall\u00e9es, votre source d&rsquo;informations sur la vie de notre paroisse. Que vous soyez un paroissien d\u00e9vou\u00e9 ou&hellip; <br \/> <a class=\"read-more\" href=\"https:\/\/labonnenouvelle-valdeleure.fr\/index.php\/2023\/11\/22\/le-journal-des-vallees\/\">Lire la suite<\/a><\/p>\n","protected":false},"author":1,"featured_media":0,"comment_status":"closed","ping_status":"closed","sticky":false,"template":"","format":"standard","meta":{"_monsterinsights_skip_tracking":false,"_monsterinsights_sitenote_active":false,"_monsterinsights_sitenote_note":"","_monsterinsights_sitenote_category":0,"_price":"","_stock":"","_tribe_ticket_header":"","_tribe_default_ticket_provider":"","_ticket_start_date":"","_ticket_end_date":"","_tribe_ticket_show_description":"","_tribe_ticket_show_not_going":false,"_tribe_ticket_use_global_stock":"","_tribe_ticket_global_stock_level":"","_global_stock_mode":"","_global_stock_cap":"","_tribe_rsvp_for_event":"","_tribe_ticket_going_count":"","_tribe_ticket_not_going_count":"","_tribe_tickets_list":"[]","_tribe_ticket_has_attendee_info_fields":false,"_EventAllDay":false,"_EventTimezone":"","_EventStartDate":"","_EventEndDate":"","_EventStartDateUTC":"","_EventEndDateUTC":"","_EventShowMap":false,"_EventShowMapLink":false,"_EventURL":"","_EventCost":"","_EventCostDescription":"","_EventCurrencySymbol":"","_EventCurrencyCode":"","_EventCurrencyPosition":"","_EventDateTimeSeparator":"","_EventTimeRangeSeparator":"","_EventOrganizerID":[],"_EventVenueID":[],"_OrganizerEmail":"","_OrganizerPhone":"","_OrganizerWebsite":"","_VenueAddress":"","_VenueCity":"","_VenueCountry":"","_VenueProvince":"","_VenueState":"","_VenueZip":"","_VenuePhone":"","_VenueURL":"","_VenueStateProvince":"","_VenueLat":"","_VenueLng":"","_VenueShowMap":false,"_VenueShowMapLink":false,"footnotes":""},"categories":[29],"tags":[],"class_list":["post-657","post","type-post","status-publish","format-standard","hentry","category-actualites"],"aioseo_notices":[],"_links":{"self":[{"href":"https:\/\/labonnenouvelle-valdeleure.fr\/index.php\/wp-json\/wp\/v2\/posts\/657","targetHints":{"allow":["GET"]}}],"collection":[{"href":"https:\/\/labonnenouvelle-valdeleure.fr\/index.php\/wp-json\/wp\/v2\/posts"}],"about":[{"href":"https:\/\/labonnenouvelle-valdeleure.fr\/index.php\/wp-json\/wp\/v2\/types\/post"}],"author":[{"embeddable":true,"href":"https:\/\/labonnenouvelle-valdeleure.fr\/index.php\/wp-json\/wp\/v2\/users\/1"}],"replies":[{"embeddable":true,"href":"https:\/\/labonnenouvelle-valdeleure.fr\/index.php\/wp-json\/wp\/v2\/comments?post=657"}],"version-history":[{"count":14,"href":"https:\/\/labonnenouvelle-valdeleure.fr\/index.php\/wp-json\/wp\/v2\/posts\/657\/revisions"}],"predecessor-version":[{"id":945,"href":"https:\/\/labonnenouvelle-valdeleure.fr\/index.php\/wp-json\/wp\/v2\/posts\/657\/revisions\/945"}],"wp:attachment":[{"href":"https:\/\/labonnenouvelle-valdeleure.fr\/index.php\/wp-json\/wp\/v2\/media?parent=657"}],"wp:term":[{"taxonomy":"category","embeddable":true,"href":"https:\/\/labonnenouvelle-valdeleure.fr\/index.php\/wp-json\/wp\/v2\/categories?post=657"},{"taxonomy":"post_tag","embeddable":true,"href":"https:\/\/labonnenouvelle-valdeleure.fr\/index.php\/wp-json\/wp\/v2\/tags?post=657"}],"curies":[{"name":"wp","href":"https:\/\/api.w.org\/{rel}","templated":true}]}}