{"id":1028,"date":"2023-11-22T11:53:59","date_gmt":"2023-11-22T10:53:59","guid":{"rendered":"https:\/\/labonnenouvelle-valdeleure.fr\/index.php\/2023\/11\/22\/pastorale-de-la-liturgie-2\/"},"modified":"2025-11-07T17:09:43","modified_gmt":"2025-11-07T16:09:43","slug":"pastorale-de-la-liturgie-2","status":"publish","type":"post","link":"https:\/\/labonnenouvelle-valdeleure.fr\/index.php\/2023\/11\/22\/pastorale-de-la-liturgie-2\/","title":{"rendered":"PASTORALE\u00a0 DE LA LITURGIE"},"content":{"rendered":"\n<figure class=\"wp-block-table\"><table><tbody><tr><td class=\"has-text-align-center\" data-align=\"center\"><strong>P\u00e8re Maurice MANWELL<\/strong>, Cur\u00e9<br><strong>Guy MAURENARD<\/strong>, Diacre<\/td><\/tr><\/tbody><\/table><\/figure>\n\n\n\n<p class=\"has-text-align-center\"><strong><mark style=\"background-color:rgba(0, 0, 0, 0)\" class=\"has-inline-color has-vivid-green-cyan-color\">Commission \u00ab&nbsp;liturgie&nbsp;\u00bb<\/mark><\/strong><\/p>\n\n\n\n<figure class=\"wp-block-table\"><table><tbody><tr><td><strong style=\"white-space: normal;\">Anne HERBRETEAU<\/strong><span style=\"font-family: -webkit-standard; font-size: medium; white-space: normal;\">\u00a0<\/span><strong style=\"white-space: normal;\">&#8211;\u00a0Mod\u00e9ratrice\u00a0<\/strong><span style=\"font-family: -webkit-standard; font-size: medium; white-space: normal;\">\u00a0<\/span><br><br><span style=\"font-family: -webkit-standard; font-size: medium; white-space: normal;\">anne.herbreteau28@laposte.net<\/span><\/td><td><strong style=\"white-space: normal;\">Aur\u00e9lien TROMP <\/strong><span style=\"font-family: -webkit-standard; font-size: medium; white-space: normal;\">\u00a0&#8211;\u00a0<\/span><strong>Mod\u00e9rateur<\/strong><br><br><span style=\"font-family: -webkit-standard; font-size: medium; white-space: normal;\">\u00a0Aurelien.tromp@outlook.com<\/span><\/td><\/tr><\/tbody><\/table><\/figure>\n\n\n\n<p class=\"has-text-align-center\"><strong><mark style=\"background-color:rgba(0, 0, 0, 0)\" class=\"has-inline-color has-vivid-green-cyan-color\">Commission \u00ab&nbsp;d\u2019organisation&nbsp;\u00bb<\/mark><\/strong><\/p>\n\n\n\n<p class=\"has-text-align-center\"><\/p>\n\n\n\n<figure class=\"wp-block-table\"><table class=\"has-fixed-layout\"><tbody><tr><td><strong>Maryvonne BUHOT<\/strong><br><br>jean-paul.buhot@wanadoo.fr<\/td><td><strong>Colette BUNEL<\/strong><br><br>cjcbunel@yahoo.fr<\/td><\/tr><tr><td><strong>Marie-H\u00e9l\u00e8ne DE OLIVEIRA<\/strong><br><br>mhdeol@laposte.net<\/td><td><strong style=\"white-space: normal;\">B\u00e9n\u00e9dicte LECUS<\/strong><br><br><span style=\"font-family: -webkit-standard; font-size: medium; white-space: normal;\">francois.lecus@wanadoo.fr<\/span><\/td><\/tr><tr><td><strong>Roger PICHOT<\/strong><br><br><a href=\"mailto:lr.pichot@orange.fr\">lr.pichot@orange.fr<\/a><\/td><td><strong style=\"white-space: normal;\">V\u00e9ronique ANDR\u00c9 <\/strong><br><br>lacholtiere@yahoo.fr <\/td><\/tr><\/tbody><\/table><\/figure>\n\n\n\n<p class=\"has-text-align-center\"><strong><mark style=\"background-color:rgba(0, 0, 0, 0)\" class=\"has-inline-color has-vivid-green-cyan-color\">Chorale<\/mark><\/strong><\/p>\n\n\n<div class=\"wp-block-image\">\n<figure class=\"aligncenter size-thumbnail\"><img loading=\"lazy\" decoding=\"async\" width=\"150\" height=\"150\" src=\"https:\/\/labonnenouvelle-valdeleure.fr\/wp-content\/uploads\/2023\/10\/Chorale-150x150.png\" alt=\"\" class=\"wp-image-159\"\/><\/figure><\/div>\n\n\n<figure class=\"wp-block-table\"><table><tbody><tr><td><strong>Rose CHASSINE<br><\/strong><br><a href=\"mailto:rosechassine@sfr.fr\">rosechassine@sfr.fr<\/a><\/td><td><strong style=\"white-space: normal;\">Aur\u00e9lien TROMP<\/strong><br><br><span style=\"white-space: normal; font-size: medium;\">\u00a0Aurelien.tromp@outlook.com<\/span><\/td><td><strong style=\"white-space: normal;\">Juliette RAYER <\/strong><br><\/td><td><strong style=\"white-space: normal;\">Pierrette SCHNEIDER<\/strong><br><br><span style=\"font-family: -webkit-standard; font-size: medium; white-space: normal;\">\u00a0Schneider.tpe@wanadoo.fr<\/span><\/td><\/tr><\/tbody><\/table><\/figure>\n\n\n\n<p><\/p>\n","protected":false},"excerpt":{"rendered":"<p>P\u00e8re Maurice MANWELL, Cur\u00e9Guy MAURENARD, Diacre Commission \u00ab&nbsp;liturgie&nbsp;\u00bb Anne HERBRETEAU\u00a0&#8211;\u00a0Mod\u00e9ratrice\u00a0\u00a0 anne.herbreteau28@laposte.net Aur\u00e9lien TROMP \u00a0&#8211;\u00a0Mod\u00e9rateur \u00a0Aurelien.tromp@outlook.com Commission \u00ab&nbsp;d\u2019organisation&nbsp;\u00bb Maryvonne BUHOT jean-paul.buhot@wanadoo.fr Colette BUNEL cjcbunel@yahoo.fr Marie-H\u00e9l\u00e8ne DE OLIVEIRA mhdeol@laposte.net B\u00e9n\u00e9dicte LECUS francois.lecus@wanadoo.fr&hellip; <br \/> <a class=\"read-more\" href=\"https:\/\/labonnenouvelle-valdeleure.fr\/index.php\/2023\/11\/22\/pastorale-de-la-liturgie-2\/\">Lire la suite<\/a><\/p>\n","protected":false},"author":1,"featured_media":0,"comment_status":"closed","ping_status":"closed","sticky":false,"template":"","format":"standard","meta":{"_monsterinsights_skip_tracking":false,"_monsterinsights_sitenote_active":false,"_monsterinsights_sitenote_note":"","_monsterinsights_sitenote_category":0,"_price":"","_stock":"","_tribe_ticket_header":"","_tribe_default_ticket_provider":"","_ticket_start_date":"","_ticket_end_date":"","_tribe_ticket_show_description":"","_tribe_ticket_show_not_going":false,"_tribe_ticket_use_global_stock":"","_tribe_ticket_global_stock_level":"","_global_stock_mode":"","_global_stock_cap":"","_tribe_rsvp_for_event":"","_tribe_ticket_going_count":"","_tribe_ticket_not_going_count":"","_tribe_tickets_list":"[]","_tribe_ticket_has_attendee_info_fields":false,"_EventAllDay":false,"_EventTimezone":"","_EventStartDate":"","_EventEndDate":"","_EventStartDateUTC":"","_EventEndDateUTC":"","_EventShowMap":false,"_EventShowMapLink":false,"_EventURL":"","_EventCost":"","_EventCostDescription":"","_EventCurrencySymbol":"","_EventCurrencyCode":"","_EventCurrencyPosition":"","_EventDateTimeSeparator":"","_EventTimeRangeSeparator":"","_EventOrganizerID":[],"_EventVenueID":[],"_OrganizerEmail":"","_OrganizerPhone":"","_OrganizerWebsite":"","_VenueAddress":"","_VenueCity":"","_VenueCountry":"","_VenueProvince":"","_VenueState":"","_VenueZip":"","_VenuePhone":"","_VenueURL":"","_VenueStateProvince":"","_VenueLat":"","_VenueLng":"","_VenueShowMap":false,"_VenueShowMapLink":false,"footnotes":""},"categories":[14],"tags":[],"class_list":["post-1028","post","type-post","status-publish","format-standard","hentry","category-annuaire"],"aioseo_notices":[],"_links":{"self":[{"href":"https:\/\/labonnenouvelle-valdeleure.fr\/index.php\/wp-json\/wp\/v2\/posts\/1028","targetHints":{"allow":["GET"]}}],"collection":[{"href":"https:\/\/labonnenouvelle-valdeleure.fr\/index.php\/wp-json\/wp\/v2\/posts"}],"about":[{"href":"https:\/\/labonnenouvelle-valdeleure.fr\/index.php\/wp-json\/wp\/v2\/types\/post"}],"author":[{"embeddable":true,"href":"https:\/\/labonnenouvelle-valdeleure.fr\/index.php\/wp-json\/wp\/v2\/users\/1"}],"replies":[{"embeddable":true,"href":"https:\/\/labonnenouvelle-valdeleure.fr\/index.php\/wp-json\/wp\/v2\/comments?post=1028"}],"version-history":[{"count":1,"href":"https:\/\/labonnenouvelle-valdeleure.fr\/index.php\/wp-json\/wp\/v2\/posts\/1028\/revisions"}],"predecessor-version":[{"id":1033,"href":"https:\/\/labonnenouvelle-valdeleure.fr\/index.php\/wp-json\/wp\/v2\/posts\/1028\/revisions\/1033"}],"wp:attachment":[{"href":"https:\/\/labonnenouvelle-valdeleure.fr\/index.php\/wp-json\/wp\/v2\/media?parent=1028"}],"wp:term":[{"taxonomy":"category","embeddable":true,"href":"https:\/\/labonnenouvelle-valdeleure.fr\/index.php\/wp-json\/wp\/v2\/categories?post=1028"},{"taxonomy":"post_tag","embeddable":true,"href":"https:\/\/labonnenouvelle-valdeleure.fr\/index.php\/wp-json\/wp\/v2\/tags?post=1028"}],"curies":[{"name":"wp","href":"https:\/\/api.w.org\/{rel}","templated":true}]}}