{"id":1024,"date":"2025-11-07T16:13:27","date_gmt":"2025-11-07T15:13:27","guid":{"rendered":"https:\/\/labonnenouvelle-valdeleure.fr\/index.php\/2025\/11\/07\/relais-village-original-2\/"},"modified":"2025-11-07T16:17:50","modified_gmt":"2025-11-07T15:17:50","slug":"relais-village-original-2","status":"publish","type":"post","link":"https:\/\/labonnenouvelle-valdeleure.fr\/index.php\/2025\/11\/07\/relais-village-original-2\/","title":{"rendered":"RELAIS VILLAGE"},"content":{"rendered":"<div class=\"wp-block-image\">\n<figure class=\"aligncenter size-full\"><img loading=\"lazy\" decoding=\"async\" width=\"475\" height=\"319\" src=\"http:\/\/labonnenouvelle-valdeleure.fr\/wp-content\/uploads\/2023\/10\/Vitraux.png\" alt=\"\" class=\"wp-image-146\" srcset=\"https:\/\/labonnenouvelle-valdeleure.fr\/wp-content\/uploads\/2023\/10\/Vitraux.png 475w, https:\/\/labonnenouvelle-valdeleure.fr\/wp-content\/uploads\/2023\/10\/Vitraux-300x201.png 300w\" sizes=\"auto, (max-width: 475px) 100vw, 475px\" \/><\/figure><\/div>\n\n\n<figure class=\"wp-block-table\"><table class=\"has-fixed-layout\"><tbody><tr><td><strong>Hubert et Marie-Jo DELAGNEAU<br><\/strong>14 rue des Tilleuls<br>28300 Bailleau l\u2019\u00c9v\u00eaque<br>02.37.22.92.94<br><a href=\"mailto:hubert.delagneau@orange.fr\">hubert.delagneau@orange.fr<\/a><\/td><td><strong>Jean-Claude DURAND (cl\u00e9s)<\/strong><br>5 rue de la lib\u00e9ration<br>28300 Bailleau l\u2019\u00c9v\u00eaque<br>02.37.22.94.34<\/td><\/tr><tr><td><\/td><td><\/td><\/tr><\/tbody><\/table><figcaption class=\"wp-element-caption\"><strong>BAILLEAU L\u2019EVEQUE<\/strong><\/figcaption><\/figure>\n\n\n\n<p><\/p>\n\n\n\n<figure class=\"wp-block-table\"><table class=\"has-fixed-layout\"><tbody><tr><td><strong>Alice BONNET CHALLINE (cl\u00e9s)<\/strong><br>4 rue de la Mairie<br>28190 Billancelles<br>06.75.67.45.63<br>alicebonnet28@gmail.com<\/td><td><strong>Brigitte RENARD<\/strong><br>9 rue du verger &#8211; M\u00e9raubry<br>28190 Billancelles<br>02.37.23.31.93<br>rebrigitte@wanadoo.fr<\/td><\/tr><\/tbody><\/table><figcaption class=\"wp-element-caption\"><strong>BILLANCELLES<\/strong><\/figcaption><\/figure>\n\n\n\n<p><\/p>\n\n\n\n<figure class=\"wp-block-table\"><table class=\"has-fixed-layout\"><tbody><tr><td><strong>Rose CHASSINE<\/strong><br>50 rue des deux communes&nbsp; &#8211;&nbsp; Cogn\u00e9<br>28120 Chauffours<br>06.12.03.53.26<br><a href=\"mailto:rosechassine@sfr.fr\">rosechassine@sfr.fr<\/a><\/td><td><strong>Edith ESNAULT<\/strong><br>26 rue Jean Moulin<br>28120 Chauffours<br>02.37.26.78.48<\/td><\/tr><\/tbody><\/table><figcaption class=\"wp-element-caption\"><strong>CHAUFFOURS<\/strong><\/figcaption><\/figure>\n\n\n\n<p><\/p>\n\n\n\n<figure class=\"wp-block-table\"><table><tbody><tr><td><strong>Christ\u00e8le BERTHELOT<\/strong><br>28190 Chuisnes<br>06.30.99.29.96<br>christele1@gmail.com<\/td><\/tr><\/tbody><\/table><figcaption class=\"wp-element-caption\"><strong>CHUISNES<\/strong><\/figcaption><\/figure>\n\n\n\n<p><\/p>\n\n\n\n<figure class=\"wp-block-table\"><table><tbody><tr><td><strong>Robert COOLEN<\/strong><br>1 rue de Pontgouin<br>28190 Courville sur Eure<br>02.37.36.44.04<br>rcoolen28@gmail.com<\/td><\/tr><\/tbody><\/table><figcaption class=\"wp-element-caption\"><strong>COURVILLE SUR EURE<\/strong> <strong>(cl\u00e9s au presbyt\u00e8re)<\/strong><\/figcaption><\/figure>\n\n\n\n<p><\/p>\n\n\n\n<figure class=\"wp-block-table\"><table class=\"has-fixed-layout\"><tbody><tr><td><strong>Jean-Fran\u00e7ois MORIZEAU (cl\u00e9s)<\/strong><br>3 rue du ch\u00e2teau d\u2019eau<br>28190 Dangers<br>06.80.75.07.08<br>jfmorizeau@gmail.com<\/td><td><strong>Elisabeth ROLLIN<\/strong><br>Lieu-dit Les Essarts<br>28190 Dangers<br>06.77.39.74.62<\/td><\/tr><\/tbody><\/table><figcaption class=\"wp-element-caption\"><strong>DANGERS<\/strong><\/figcaption><\/figure>\n\n\n\n<p><\/p>\n\n\n\n<figure class=\"wp-block-table\"><table class=\"has-fixed-layout\"><tbody><tr><td><strong>Ir\u00e8ne HALLAY<\/strong><br>5 rue des d\u00e9port\u00e9s<br>28190 Fontaine la Guyon&nbsp;<br>02.37.22.54.15<\/td><td><strong>B\u00e9n\u00e9dicte LECUS (cl\u00e9s)<\/strong><br>4 rue des d\u00e9port\u00e9s<br>28190 Fontaine la Guyon<br>02.37.22.58.62<br><a href=\"mailto:francois.lecus@wanadoo.fr\">francois.lecus@wanadoo.fr<\/a><\/td><\/tr><\/tbody><\/table><figcaption class=\"wp-element-caption\"><strong>FONTAINE LA GUYON (cl\u00e9s&nbsp;: Mich\u00e8le JULLIEN, 06.85.43.53.04)<\/strong><\/figcaption><\/figure>\n\n\n\n<p><\/p>\n\n\n\n<figure class=\"wp-block-table\"><table class=\"has-fixed-layout\"><tbody><tr><td><strong>Christian et Marie-Claude DECRETTE (cl\u00e9s)<\/strong><br>33 rue de l\u2019Aum\u00f4ne<br>28630 Fontenay sur Eure<br>02.37.25.84.27<br><a href=\"mailto:christian.decrette@sfr.fr\">christian.decrette@sfr.fr<\/a><\/td><td><strong>Marie-Christine JANVIER<\/strong><br>Rue Haie du Pont&nbsp; &#8211;&nbsp; Tranch\u00eafetu<br>28630 Fontenay sur Eure<br>02.37.25.81.28<br><a href=\"mailto:mcjanvier@sfr.fr\">mcjanvier@sfr.fr<\/a><\/td><\/tr><tr><td><strong>Edith ROBERT<\/strong><br>72 rue No\u00ebl Ballay<br>28630 Fontenay sur Eure<br>06.37.04.29.54<br><a href=\"mailto:andre.rogron@orange.fr\">jfeselasyni@hotmail.fr<\/a><\/td><td><\/td><\/tr><\/tbody><\/table><figcaption class=\"wp-element-caption\"><strong>FONTENAY SUR EURE<\/strong><\/figcaption><\/figure>\n\n\n\n<p><\/p>\n\n\n\n<figure class=\"wp-block-table\"><table class=\"has-fixed-layout\"><tbody><tr><td><strong>Mich\u00e8le ELLEAUME (cl\u00e9s)<\/strong><br>La Porte<br>28240 Friaize<br>02.37.49.85.89<br><a href=\"mailto:elleaume.claude@gmail.fr\">elleaume.claude@gmail.fr<\/a><\/td><td><strong>Gis\u00e8le GODEFROY<\/strong><br>13 La Chevillerie<br>28240 Friaize<br>02.37.53.13.30<br>giselegodefroy@yahoo.com<\/td><\/tr><\/tbody><\/table><figcaption class=\"wp-element-caption\"><strong>FRIAIZE<\/strong><\/figcaption><\/figure>\n\n\n\n<p><\/p>\n\n\n\n<figure class=\"wp-block-table\"><table><tbody><tr><td><strong>Am\u00e9lie et J\u00e9r\u00f4me HEME DE LA COTTE (cl\u00e9s \u00e0 la mairie)<\/strong><br>Le Bois Roger<br>28190 Frunc\u00e9<br>06.64.82.20.92<br><a href=\"mailto:ameliehdl@gmail.com\">ameliehdl@gmail.com<\/a><\/td><\/tr><\/tbody><\/table><figcaption class=\"wp-element-caption\"><strong>FRUNCE<\/strong><\/figcaption><\/figure>\n\n\n\n<p><\/p>\n\n\n\n<figure class=\"wp-block-table\"><table class=\"has-fixed-layout\"><tbody><tr><td><strong>Annie BOIN (cl\u00e9s)<\/strong><br>4 rue du Parc<br>28190 Landelles<br>06.74.24.49.27<br><a href=\"mailto:annie.joboin@gmail.com\">annie.joboin@gmail.com<\/a><\/td><td><strong>B\u00e9atrice DUMONT<\/strong><br>2 rue de la rivi\u00e8re neuve<br>28190 Landelles<br>06.47.89.93.47<br>bbdu2831@gmail.com<\/td><\/tr><\/tbody><\/table><figcaption class=\"wp-element-caption\"><strong>LANDELLES<\/strong><\/figcaption><\/figure>\n\n\n\n<p><\/p>\n\n\n\n<figure class=\"wp-block-table\"><table><tbody><tr><td><strong>Brigitte LURVOIS<\/strong><br>20 route Fontenelle<br>28190 Le Favril<br>09.50.95.49.50<br><a href=\"mailto:brig.marc@free.fr\">brigitte.lurvois@gmail.com<\/a><\/td><\/tr><\/tbody><\/table><figcaption class=\"wp-element-caption\"><strong>LE FAVRIL<\/strong><\/figcaption><\/figure>\n\n\n\n<p><\/p>\n\n\n\n<figure class=\"wp-block-table\"><table class=\"has-fixed-layout\"><tbody><tr><td><strong>Genevi\u00e8ve BONTEMS (cl\u00e9s)<\/strong><br>6 rue Blottier<br>28240 Le Thieulin<br>02.37.49.84.07<br>bernard.bontems28@orange.fr<\/td><td><strong>Germaine GUERIN (cl\u00e9s)<\/strong><br>18 rue des Forgerons<br>28240 Le Thieulin<br>02.37.49.85.24<br>gueringermaine@sfr.fr<\/td><\/tr><tr><td><strong>Agn\u00e8s VILLETTE (cl\u00e9s)<\/strong><br>31 rue des Forgerons<br>28240 Le Thieulin<br>02.37.49.88.27<\/td><td><\/td><\/tr><\/tbody><\/table><figcaption class=\"wp-element-caption\"><strong>LE THIEULIN<\/strong><\/figcaption><\/figure>\n\n\n\n<p><\/p>\n\n\n\n<figure class=\"wp-block-table\"><table class=\"has-fixed-layout\"><tbody><tr><td><strong>Th\u00e9r\u00e8se MENAGER (cl\u00e9s)<\/strong><br>6 rue du clos Florent<br>28190 V\u00e9rigny<br>02.37.23.91.67<br><a href=\"mailto:ad.chatenay@orange.fr\">tm.menager@orange.fr<\/a><\/td><td><strong>Jean-Claude SAUVAGE<\/strong><br>6 rue de la Nouette<br>28190 V\u00e9rigny<br>02.37.22.79.37<br>Sauvagepapijcs444@orange.fr<\/td><\/tr><\/tbody><\/table><figcaption class=\"wp-element-caption\"><strong>MITTAINVILLIERS\/VERIGNY<\/strong><\/figcaption><\/figure>\n\n\n\n<p><\/p>\n\n\n\n<figure class=\"wp-block-table\"><table class=\"has-fixed-layout\"><tbody><tr><td><strong>Anne-Marie ROBINET<\/strong><br>7 route de B\u00e9rou&nbsp; &#8211;&nbsp; Mont les Tertres<br>28120 Nognet sur Eure<br>02.37.25.87.01&nbsp; \/&nbsp; 06.36.60.60.03<br><a href=\"mailto:robinet.blanche@gmail.com\">robinet.blanche@gmail.com<\/a><\/td><td><strong>\u00c9dith SOUCHAY (cl\u00e9s)<\/strong><br>2 place de la mairie<br>28630 Nogent sur Eure<br>02.37.25.87.07<\/td><\/tr><\/tbody><\/table><figcaption class=\"wp-element-caption\"><strong>NOGENT SUR EURE<\/strong><\/figcaption><\/figure>\n\n\n\n<p><\/p>\n\n\n\n<figure class=\"wp-block-table\"><table class=\"has-fixed-layout\"><tbody><tr><td>S\u00e9bastien et V\u00e9ronique ANDRE (cl\u00e9s)<strong><br><\/strong>La Cholti\u00e8re &#8211; Serez<br>28190 Orrouer<br>02.37.23.23.51<br><a href=\"mailto:lacholtiere@yahoo.fr\">lacholtiere@yahoo.fr<\/a><\/td><td><strong>Pascale MENAGER<\/strong><br>Jorand<br>28190 Orrouer<br>06.83.03.22.66<br>Pascalemenager28@gmail.com<\/td><\/tr><\/tbody><\/table><figcaption class=\"wp-element-caption\"><strong>ORROUER<\/strong><\/figcaption><\/figure>\n\n\n\n<p><\/p>\n\n\n\n<figure class=\"wp-block-table\"><table class=\"has-fixed-layout\"><tbody><tr><td><strong>Mich\u00e8le BRULE<\/strong><br>2 rue du Faubourg Saint Jacques<br>28190 Pontgouin<br>02.37.37.44.97<br><a href=\"mailto:michele.brule.debono@gmail.com\">michele.brule.debono@gmail.com<\/a><\/td><td><strong>Nathalie SAUSSEREAU (cl\u00e9s)<\/strong><br>35 rue du faubourg Saint Jacques<br>28190 Pontgouin<br>07.70.26.75.16<br><a href=\"mailto:saussereau.nathalie@gmail.com\">saussereau.nathalie@gmail.com<\/a><\/td><\/tr><\/tbody><\/table><figcaption class=\"wp-element-caption\"><strong>PONTGOUIN<\/strong><\/figcaption><\/figure>\n\n\n\n<p><\/p>\n\n\n\n<figure class=\"wp-block-table\"><table class=\"has-fixed-layout\"><tbody><tr><td><strong>Laurence ASSELIN<\/strong><br>1 rue de la Boulaye&nbsp; &#8211;&nbsp; Le Brosseron<br>28190 Saint Arnoult des Bois&nbsp;<br>02.37.22.53.07<br>lasselin28@gmail.com<\/td><td><strong>Maryvonne BUHOT(cl\u00e9s)<\/strong><br>1 rue du Colombier&nbsp; &#8211;&nbsp; Le Brosseron<br>28190 Saint Arnoult des Bois&nbsp;<br>02.37.22.53.20<br><a href=\"mailto:jean-paul.buhot@wanadoo.fr\">jean-paul.buhot@wanadoo.fr<\/a><\/td><\/tr><\/tbody><\/table><figcaption class=\"wp-element-caption\"><strong>SAINT ARNOULT DES BOIS<\/strong><\/figcaption><\/figure>\n\n\n\n<p><\/p>\n\n\n\n<figure class=\"wp-block-table\"><table><tbody><tr><td><strong>Elisabeth MAURENARD (cl\u00e9s)<\/strong><br>12 rue du Ch\u00e2teau d\u2019eau<br>28300 Saint Aubin des Bois<br>02.37.32.91.49<br><a href=\"mailto:guy.maurenard@wanadoo.fr\">guy.maurenard@wanadoo.fr<\/a><\/td><\/tr><\/tbody><\/table><figcaption class=\"wp-element-caption\"><strong>SAINT AUBIN DES BOIS<\/strong><\/figcaption><\/figure>\n\n\n\n<p><\/p>\n\n\n\n<figure class=\"wp-block-table\"><table><tbody><tr><td><strong>Maria LABADIE (cl\u00e9s \u00e0 la mairie)<\/strong><br>Chemin Taureau<br>28240 Saint Denis des Puits<br>02.37.49.89.66<br><a href=\"mailto:maria.labadie@hotmail.fr\">maria.labadie@hotmail.fr<\/a><\/td><\/tr><\/tbody><\/table><figcaption class=\"wp-element-caption\"><strong>SAINT DENIS DES PUITS<\/strong><\/figcaption><\/figure>\n\n\n\n<p><\/p>\n\n\n\n<figure class=\"wp-block-table\"><table class=\"has-fixed-layout\"><tbody><tr><td><strong>Guy BINET<\/strong><br>20 rue Louis Bl\u00e9riot<br>28190 Saint Georges sur Eure<br>02.37.26.71.27<br><a href=\"mailto:binet.guy@neuf.fr\">binet.guy@neuf.fr<\/a><\/td><td><strong>Roger PICHOT (cl\u00e9s \u00e9glise et presbyt\u00e8re)<\/strong><br>27 rue Raymond Bataille<br>28190 Saint Georges sur Eure<br>02 37 26 75 68<br>l<a href=\"mailto:lrpichot@wanadoo.fr\" title=\"\">r.pichot@orange.fr<\/a><\/td><\/tr><tr><td><strong>Christiane QUINET<\/strong><br>9 rue Louis Bl\u00e9riot<br>28190 St Georges sur Eure<br>06.38.91.06.93<br>bob.christ@orange.fr<\/td><td><\/td><\/tr><\/tbody><\/table><figcaption class=\"wp-element-caption\"><strong>SAINT-GEORGES-SUR-EURE<\/strong> <strong>(cl\u00e9s au presbyt\u00e8re et \u00e0 la mairie)<\/strong><\/figcaption><\/figure>\n\n\n\n<p><\/p>\n\n\n\n<figure class=\"wp-block-table\"><table class=\"has-fixed-layout\"><tbody><tr><td><strong>Elisabeth et Antoine LECUYER (cl\u00e9s)<\/strong><br>La Sabli\u00e8re<br>28190 Saint Germain le Gaillard<br>02.37.23.23.42<br><a href=\"mailto:la.sabliere@wanadoo.fr\">la.sabliere@wanadoo.fr<\/a><\/td><td><strong>Brigitte et Fran\u00e7ois TRUBERT<\/strong><br>2 rue de la Clouterie &nbsp;&#8211;&nbsp; Le Tartre<br>28190 Saint Germain le Gaillard<br>02.37.23.78.63<br><a href=\"mailto:brigitte.trubert@sfr.fr\">brigitte.trubert@sfr.fr<\/a><\/td><\/tr><\/tbody><\/table><figcaption class=\"wp-element-caption\"><strong>SAINT GERMAIN LE GAILLARD (cl\u00e9s \u00e0 la mairie)<\/strong><\/figcaption><\/figure>\n\n\n\n<p><\/p>\n\n\n\n<figure class=\"wp-block-table\"><table><tbody><tr><td><strong>Corinne et Pascal GARNIER (cl\u00e9s)<\/strong><br>15 rue de Courville&nbsp; &#8211;&nbsp; Loulappe<br>28190 Saint Luperce<br>06.15.40.41.92<br><a href=\"mailto:famille-garnier@live.fr\">famille-garnier@live.fr<\/a><\/td><\/tr><\/tbody><\/table><figcaption class=\"wp-element-caption\"><strong>SAINT LUPERCE<\/strong><\/figcaption><\/figure>\n\n\n\n<p><\/p>\n\n\n\n<figure class=\"wp-block-table\"><table><tbody><tr><td><strong>B\u00e9n\u00e9dicte de LA RAUDIERE<\/strong><br>7 Grande Rue<br>28190 Villebon<br>02.37.37.35.63<br><a href=\"mailto:b.delaraudiere@gmail.com\">b.delaraudiere@gmail.com<\/a><\/td><\/tr><\/tbody><\/table><figcaption class=\"wp-element-caption\"><strong>VILLEBON<\/strong><\/figcaption><\/figure>\n","protected":false},"excerpt":{"rendered":"<p>Hubert et Marie-Jo DELAGNEAU14 rue des Tilleuls28300 Bailleau l\u2019\u00c9v\u00eaque02.37.22.92.94hubert.delagneau@orange.fr Jean-Claude DURAND (cl\u00e9s)5 rue de la lib\u00e9ration28300 Bailleau l\u2019\u00c9v\u00eaque02.37.22.94.34 BAILLEAU L\u2019EVEQUE Alice BONNET CHALLINE (cl\u00e9s)4 rue de la Mairie28190 Billancelles06.75.67.45.63alicebonnet28@gmail.com Brigitte&hellip; <br \/> <a class=\"read-more\" href=\"https:\/\/labonnenouvelle-valdeleure.fr\/index.php\/2025\/11\/07\/relais-village-original-2\/\">Lire la suite<\/a><\/p>\n","protected":false},"author":1,"featured_media":0,"comment_status":"closed","ping_status":"closed","sticky":false,"template":"","format":"standard","meta":{"_monsterinsights_skip_tracking":false,"_monsterinsights_sitenote_active":false,"_monsterinsights_sitenote_note":"","_monsterinsights_sitenote_category":0,"_price":"","_stock":"","_tribe_ticket_header":"","_tribe_default_ticket_provider":"","_ticket_start_date":"","_ticket_end_date":"","_tribe_ticket_show_description":"","_tribe_ticket_show_not_going":false,"_tribe_ticket_use_global_stock":"","_tribe_ticket_global_stock_level":"","_global_stock_mode":"","_global_stock_cap":"","_tribe_rsvp_for_event":"","_tribe_ticket_going_count":"","_tribe_ticket_not_going_count":"","_tribe_tickets_list":"[]","_tribe_ticket_has_attendee_info_fields":false,"_EventAllDay":false,"_EventTimezone":"","_EventStartDate":"","_EventEndDate":"","_EventStartDateUTC":"","_EventEndDateUTC":"","_EventShowMap":false,"_EventShowMapLink":false,"_EventURL":"","_EventCost":"","_EventCostDescription":"","_EventCurrencySymbol":"","_EventCurrencyCode":"","_EventCurrencyPosition":"","_EventDateTimeSeparator":"","_EventTimeRangeSeparator":"","_EventOrganizerID":[],"_EventVenueID":[],"_OrganizerEmail":"","_OrganizerPhone":"","_OrganizerWebsite":"","_VenueAddress":"","_VenueCity":"","_VenueCountry":"","_VenueProvince":"","_VenueState":"","_VenueZip":"","_VenuePhone":"","_VenueURL":"","_VenueStateProvince":"","_VenueLat":"","_VenueLng":"","_VenueShowMap":false,"_VenueShowMapLink":false,"footnotes":""},"categories":[14],"tags":[],"class_list":["post-1024","post","type-post","status-publish","format-standard","hentry","category-annuaire"],"aioseo_notices":[],"_links":{"self":[{"href":"https:\/\/labonnenouvelle-valdeleure.fr\/index.php\/wp-json\/wp\/v2\/posts\/1024","targetHints":{"allow":["GET"]}}],"collection":[{"href":"https:\/\/labonnenouvelle-valdeleure.fr\/index.php\/wp-json\/wp\/v2\/posts"}],"about":[{"href":"https:\/\/labonnenouvelle-valdeleure.fr\/index.php\/wp-json\/wp\/v2\/types\/post"}],"author":[{"embeddable":true,"href":"https:\/\/labonnenouvelle-valdeleure.fr\/index.php\/wp-json\/wp\/v2\/users\/1"}],"replies":[{"embeddable":true,"href":"https:\/\/labonnenouvelle-valdeleure.fr\/index.php\/wp-json\/wp\/v2\/comments?post=1024"}],"version-history":[{"count":1,"href":"https:\/\/labonnenouvelle-valdeleure.fr\/index.php\/wp-json\/wp\/v2\/posts\/1024\/revisions"}],"predecessor-version":[{"id":1026,"href":"https:\/\/labonnenouvelle-valdeleure.fr\/index.php\/wp-json\/wp\/v2\/posts\/1024\/revisions\/1026"}],"wp:attachment":[{"href":"https:\/\/labonnenouvelle-valdeleure.fr\/index.php\/wp-json\/wp\/v2\/media?parent=1024"}],"wp:term":[{"taxonomy":"category","embeddable":true,"href":"https:\/\/labonnenouvelle-valdeleure.fr\/index.php\/wp-json\/wp\/v2\/categories?post=1024"},{"taxonomy":"post_tag","embeddable":true,"href":"https:\/\/labonnenouvelle-valdeleure.fr\/index.php\/wp-json\/wp\/v2\/tags?post=1024"}],"curies":[{"name":"wp","href":"https:\/\/api.w.org\/{rel}","templated":true}]}}